{"id":3147,"date":"2024-06-10T12:12:47","date_gmt":"2024-06-10T10:12:47","guid":{"rendered":"https:\/\/agora.xtec.cat\/iesvinyet\/?p=3147"},"modified":"2024-06-10T12:14:36","modified_gmt":"2024-06-10T10:14:36","slug":"eso-informacio-matricula","status":"publish","type":"post","link":"https:\/\/agora.xtec.cat\/iesvinyet\/eso\/eso-informacio-matricula\/","title":{"rendered":"ESO- INFORMACI\u00d3 MATR\u00cdCULA"},"content":{"rendered":"<p>L&#8217;alumnat assignat al centre caldr\u00e0 que formalitzi la <strong>matr\u00edcula<\/strong> presencialment a l&#8217;Institut, entre el <strong>18 i el 26 de juny<\/strong>. Caldr\u00e0 demanar <strong>cita<\/strong>, trucant al <strong>93 810 71 32<\/strong>, de 8.00 a 15.00.<\/p>\n<p>Compartim amb vosaltres tota la <strong>informaci\u00f3<\/strong> necess\u00e0ria per dur a terme el tr\u00e0mit de matr\u00edcula: <strong><a href=\"https:\/\/agora.xtec.cat\/iesvinyet\/wp-content\/uploads\/usu987\/2024\/06\/2425-ESO-Informacio-matricula.pdf\">2425 &#8211; ESO &#8211; Informaci\u00f3 matr\u00edcula<\/a><\/strong><\/p>\n<p>&nbsp;<\/p>\n","protected":false},"excerpt":{"rendered":"<p>L&#8217;alumnat assignat al centre caldr\u00e0 que formalitzi la matr\u00edcula presencialment a l&#8217;Institut, entre el 18 i el 26 de juny. Caldr\u00e0 demanar cita, trucant al 93 810 71 32, de 8.00 a 15.00.<br \/>\nCompartim amb vosaltres tota la informaci\u00f3 necess\u00e0ria per dur a terme el tr\u00e0mit&hellip;  <a href=\"https:\/\/agora.xtec.cat\/iesvinyet\/eso\/eso-informacio-matricula\/\" title=\"Read ESO- INFORMACI\u00d3 MATR\u00cdCULA\">Llegeix m\u00e9s\u00bb<\/a><\/p>\n","protected":false},"author":176,"featured_media":0,"comment_status":"open","ping_status":"closed","sticky":false,"template":"","format":"standard","meta":{"_bbp_topic_count":0,"_bbp_reply_count":0,"_bbp_total_topic_count":0,"_bbp_total_reply_count":0,"_bbp_voice_count":0,"_bbp_anonymous_reply_count":0,"_bbp_topic_count_hidden":0,"_bbp_reply_count_hidden":0,"_bbp_forum_subforum_count":0,"footnotes":""},"categories":[3,29],"tags":[],"class_list":["post-3147","post","type-post","status-publish","format-standard","hentry","category-eso","category-portada"],"post_mailing_queue_ids":[],"_links":{"self":[{"href":"https:\/\/agora.xtec.cat\/iesvinyet\/wp-json\/wp\/v2\/posts\/3147","targetHints":{"allow":["GET"]}}],"collection":[{"href":"https:\/\/agora.xtec.cat\/iesvinyet\/wp-json\/wp\/v2\/posts"}],"about":[{"href":"https:\/\/agora.xtec.cat\/iesvinyet\/wp-json\/wp\/v2\/types\/post"}],"author":[{"embeddable":true,"href":"https:\/\/agora.xtec.cat\/iesvinyet\/wp-json\/wp\/v2\/users\/176"}],"replies":[{"embeddable":true,"href":"https:\/\/agora.xtec.cat\/iesvinyet\/wp-json\/wp\/v2\/comments?post=3147"}],"version-history":[{"count":1,"href":"https:\/\/agora.xtec.cat\/iesvinyet\/wp-json\/wp\/v2\/posts\/3147\/revisions"}],"predecessor-version":[{"id":3149,"href":"https:\/\/agora.xtec.cat\/iesvinyet\/wp-json\/wp\/v2\/posts\/3147\/revisions\/3149"}],"wp:attachment":[{"href":"https:\/\/agora.xtec.cat\/iesvinyet\/wp-json\/wp\/v2\/media?parent=3147"}],"wp:term":[{"taxonomy":"category","embeddable":true,"href":"https:\/\/agora.xtec.cat\/iesvinyet\/wp-json\/wp\/v2\/categories?post=3147"},{"taxonomy":"post_tag","embeddable":true,"href":"https:\/\/agora.xtec.cat\/iesvinyet\/wp-json\/wp\/v2\/tags?post=3147"}],"curies":[{"name":"wp","href":"https:\/\/api.w.org\/{rel}","templated":true}]}}