{"id":3142,"date":"2024-06-10T12:01:41","date_gmt":"2024-06-10T10:01:41","guid":{"rendered":"https:\/\/agora.xtec.cat\/iesvinyet\/?p=3142"},"modified":"2024-06-10T12:02:21","modified_gmt":"2024-06-10T10:02:21","slug":"eso-preinscripcio-llistat-admesos","status":"publish","type":"post","link":"https:\/\/agora.xtec.cat\/iesvinyet\/general\/eso-preinscripcio-llistat-admesos\/","title":{"rendered":"ESO- PREINSCRIPCI\u00d3 &#8211; LLISTAT ASSIGNACIONS"},"content":{"rendered":"<p>Avui s&#8217;ha fet p\u00fablic el <strong>Llistat d&#8217;alumnes assignats<\/strong> al centre per cursar estudis d&#8217;<strong>ESO<\/strong> el curs 2024-2025: <strong><a href=\"https:\/\/agora.xtec.cat\/iesvinyet\/wp-content\/uploads\/usu987\/2024\/06\/ESO-INFORME_ASSIGNATS-AL-CENTRE.pdf\">ESO-INFORME_ASSIGNATS AL CENTRE<\/a><\/strong><\/p>\n<p>S&#8217;ha publicat, tamb\u00e9, la Llista d&#8217;espera: <strong><a href=\"https:\/\/agora.xtec.cat\/iesvinyet\/wp-content\/uploads\/usu987\/2024\/06\/ESO-INFORME_LLISTA_ESPERA_.pdf\">ESO-INFORME_LLISTA_ESPERA_<\/a><\/strong><\/p>\n<p style=\"font-weight: 400;\">A partir del\u00a0<strong>dimarts 11 de juny<\/strong>\u00a0s\u2019obre el\u00a0<strong>per\u00edode de reclamacions. <\/strong>Aquest per\u00edode estar\u00e0 <strong>obert durant els dies 11, 12 i 13 de JUNY<\/strong>, i caldr\u00e0 fer les reclamacions mitjan\u00e7ant el <a href=\"https:\/\/educacio.gencat.cat\/ca\/tramits\/tramits-temes\/reclamacions-assignacions-preinscripcio-obligatoris\"><strong>portal de preinscripci\u00f3<\/strong><\/a> a l\u2019apartat corresponent.<\/p>\n","protected":false},"excerpt":{"rendered":"<p>Avui s&#8217;ha fet p\u00fablic el Llistat d&#8217;alumnes assignats al centre per cursar estudis d&#8217;ESO el curs 2024-2025: <a href=\"https:\/\/agora.xtec.cat\/iesvinyet\/wp-content\/uploads\/usu987\/2024\/06\/ESO-INFORME_ASSIGNATS-AL-CENTRE.pdf\">ESO-INFORME_ASSIGNATS AL CENTRE<\/a><br \/>\nS&#8217;ha publicat, tamb\u00e9, la Llista d&#8217;espera: <a href=\"https:\/\/agora.xtec.cat\/iesvinyet\/wp-content\/uploads\/usu987\/2024\/06\/ESO-INFORME_LLISTA_ESPERA_.pdf\">ESO-INFORME_LLISTA_ESPERA_<\/a><br \/>\nA partir del\u00a0dimarts 11 de juny\u00a0s\u2019obre el\u00a0per\u00edode de reclamacions. Aquest per\u00edode estar\u00e0 obert durant els dies 11, 12&hellip;  <a href=\"https:\/\/agora.xtec.cat\/iesvinyet\/general\/eso-preinscripcio-llistat-admesos\/\" title=\"Read ESO- PREINSCRIPCI\u00d3 &#8211; LLISTAT ASSIGNACIONS\">Llegeix m\u00e9s\u00bb<\/a><\/p>\n","protected":false},"author":176,"featured_media":0,"comment_status":"open","ping_status":"closed","sticky":false,"template":"","format":"standard","meta":{"_bbp_topic_count":0,"_bbp_reply_count":0,"_bbp_total_topic_count":0,"_bbp_total_reply_count":0,"_bbp_voice_count":0,"_bbp_anonymous_reply_count":0,"_bbp_topic_count_hidden":0,"_bbp_reply_count_hidden":0,"_bbp_forum_subforum_count":0,"footnotes":""},"categories":[3,1,29],"tags":[],"class_list":["post-3142","post","type-post","status-publish","format-standard","hentry","category-eso","category-general","category-portada"],"post_mailing_queue_ids":[],"_links":{"self":[{"href":"https:\/\/agora.xtec.cat\/iesvinyet\/wp-json\/wp\/v2\/posts\/3142","targetHints":{"allow":["GET"]}}],"collection":[{"href":"https:\/\/agora.xtec.cat\/iesvinyet\/wp-json\/wp\/v2\/posts"}],"about":[{"href":"https:\/\/agora.xtec.cat\/iesvinyet\/wp-json\/wp\/v2\/types\/post"}],"author":[{"embeddable":true,"href":"https:\/\/agora.xtec.cat\/iesvinyet\/wp-json\/wp\/v2\/users\/176"}],"replies":[{"embeddable":true,"href":"https:\/\/agora.xtec.cat\/iesvinyet\/wp-json\/wp\/v2\/comments?post=3142"}],"version-history":[{"count":2,"href":"https:\/\/agora.xtec.cat\/iesvinyet\/wp-json\/wp\/v2\/posts\/3142\/revisions"}],"predecessor-version":[{"id":3146,"href":"https:\/\/agora.xtec.cat\/iesvinyet\/wp-json\/wp\/v2\/posts\/3142\/revisions\/3146"}],"wp:attachment":[{"href":"https:\/\/agora.xtec.cat\/iesvinyet\/wp-json\/wp\/v2\/media?parent=3142"}],"wp:term":[{"taxonomy":"category","embeddable":true,"href":"https:\/\/agora.xtec.cat\/iesvinyet\/wp-json\/wp\/v2\/categories?post=3142"},{"taxonomy":"post_tag","embeddable":true,"href":"https:\/\/agora.xtec.cat\/iesvinyet\/wp-json\/wp\/v2\/tags?post=3142"}],"curies":[{"name":"wp","href":"https:\/\/api.w.org\/{rel}","templated":true}]}}