{"id":3138,"date":"2024-06-07T20:41:52","date_gmt":"2024-06-07T18:41:52","guid":{"rendered":"https:\/\/agora.xtec.cat\/iesvinyet\/?p=3138"},"modified":"2024-06-07T20:41:52","modified_gmt":"2024-06-07T18:41:52","slug":"preinscripcio-eso-oferta-final","status":"publish","type":"post","link":"https:\/\/agora.xtec.cat\/iesvinyet\/eso\/preinscripcio-eso-oferta-final\/","title":{"rendered":"PREINSCRIPCI\u00d3 ESO- OFERTA FINAL"},"content":{"rendered":"<p>Avui, s&#8217;ha publicat l&#8217;oferta definitiva de places per al curs 2024-2025 per als ensenyaments d&#8217;ESO al centre educatiu: <strong><a href=\"https:\/\/agora.xtec.cat\/iesvinyet\/wp-content\/uploads\/usu987\/2024\/06\/ESO-OFERTA-FINAL.pdf\">ESO-OFERTA FINAL<\/a><\/strong><\/p>\n<p>El proper dilluns, <strong>10 de juny<\/strong>, es far\u00e0 p\u00fablica la <strong>llista d&#8217;alumnat adm\u00e8s<\/strong> al centre i la <strong>llista d&#8217;espera<\/strong>.<\/p>\n","protected":false},"excerpt":{"rendered":"<p>Avui, s&#8217;ha publicat l&#8217;oferta definitiva de places per al curs 2024-2025 per als ensenyaments d&#8217;ESO al centre educatiu: <a href=\"https:\/\/agora.xtec.cat\/iesvinyet\/wp-content\/uploads\/usu987\/2024\/06\/ESO-OFERTA-FINAL.pdf\">ESO-OFERTA FINAL<\/a><br \/>\nEl proper dilluns, 10 de juny, es far\u00e0 p\u00fablica la llista d&#8217;alumnat adm\u00e8s al centre i la llista d&#8217;espera.<\/p>\n","protected":false},"author":176,"featured_media":0,"comment_status":"open","ping_status":"closed","sticky":false,"template":"","format":"standard","meta":{"_bbp_topic_count":0,"_bbp_reply_count":0,"_bbp_total_topic_count":0,"_bbp_total_reply_count":0,"_bbp_voice_count":0,"_bbp_anonymous_reply_count":0,"_bbp_topic_count_hidden":0,"_bbp_reply_count_hidden":0,"_bbp_forum_subforum_count":0,"footnotes":""},"categories":[3,29],"tags":[],"class_list":["post-3138","post","type-post","status-publish","format-standard","hentry","category-eso","category-portada"],"post_mailing_queue_ids":[],"_links":{"self":[{"href":"https:\/\/agora.xtec.cat\/iesvinyet\/wp-json\/wp\/v2\/posts\/3138","targetHints":{"allow":["GET"]}}],"collection":[{"href":"https:\/\/agora.xtec.cat\/iesvinyet\/wp-json\/wp\/v2\/posts"}],"about":[{"href":"https:\/\/agora.xtec.cat\/iesvinyet\/wp-json\/wp\/v2\/types\/post"}],"author":[{"embeddable":true,"href":"https:\/\/agora.xtec.cat\/iesvinyet\/wp-json\/wp\/v2\/users\/176"}],"replies":[{"embeddable":true,"href":"https:\/\/agora.xtec.cat\/iesvinyet\/wp-json\/wp\/v2\/comments?post=3138"}],"version-history":[{"count":1,"href":"https:\/\/agora.xtec.cat\/iesvinyet\/wp-json\/wp\/v2\/posts\/3138\/revisions"}],"predecessor-version":[{"id":3141,"href":"https:\/\/agora.xtec.cat\/iesvinyet\/wp-json\/wp\/v2\/posts\/3138\/revisions\/3141"}],"wp:attachment":[{"href":"https:\/\/agora.xtec.cat\/iesvinyet\/wp-json\/wp\/v2\/media?parent=3138"}],"wp:term":[{"taxonomy":"category","embeddable":true,"href":"https:\/\/agora.xtec.cat\/iesvinyet\/wp-json\/wp\/v2\/categories?post=3138"},{"taxonomy":"post_tag","embeddable":true,"href":"https:\/\/agora.xtec.cat\/iesvinyet\/wp-json\/wp\/v2\/tags?post=3138"}],"curies":[{"name":"wp","href":"https:\/\/api.w.org\/{rel}","templated":true}]}}