{"id":3122,"date":"2024-04-25T10:20:59","date_gmt":"2024-04-25T08:20:59","guid":{"rendered":"https:\/\/agora.xtec.cat\/iesvinyet\/?p=3122"},"modified":"2024-04-25T10:20:59","modified_gmt":"2024-04-25T08:20:59","slug":"eso-preinscripcio-llistat-puntuacio-definitiva","status":"publish","type":"post","link":"https:\/\/agora.xtec.cat\/iesvinyet\/general\/eso-preinscripcio-llistat-puntuacio-definitiva\/","title":{"rendered":"ESO- PREINSCRIPCI\u00d3 &#8211; LLISTAT PUNTUACI\u00d3 DEFINITIVA"},"content":{"rendered":"<p>Avui, s&#8217;ha publicat el llistat de preinscripcions amb la <strong>puntuaci\u00f3 definitiva<\/strong>, un cop resoltes les reclamacions:\u00a0<strong><a href=\"https:\/\/agora.xtec.cat\/iesvinyet\/wp-content\/uploads\/usu987\/2024\/04\/Publicacio-llista-reclamacions-resoltes.pdf\">Publicaci\u00f3 llista reclamacions resoltes\u00a0 <\/a><\/strong>El llistat inclou, tamb\u00e9, el <strong>n\u00famero de desempat<\/strong> per a cada sol\u00b7licitud. El proper <strong>30 d&#8217;abril<\/strong> , a les 11.00, es dur\u00e0 a terme el <strong>sorteig<\/strong> per resoldre les sol\u00b7licituds de preinscripci\u00f3 empatades en punts.<\/p>\n<p>Est\u00e0 previst que el dia<strong> 2 de maig<\/strong> es faci publica la <strong>llista de sol\u00b7licituds ordenada per a l&#8217;assignaci\u00f3 de places<\/strong>. <span style=\"font-family: inherit; font-size: 1em;\">Per fer aquesta llista, en primer lloc es tenen en compte les adscripcions; despr\u00e9s, la puntuaci\u00f3 de criteris prioritaris, de m\u00e9s a menys, i, en cas d&#8217;empat, primer la puntuaci\u00f3 pels criteris complementaris i despr\u00e9s, el n\u00famero de desempat.<\/span><\/p>\n","protected":false},"excerpt":{"rendered":"<p>Avui, s&#8217;ha publicat el llistat de preinscripcions amb la puntuaci\u00f3 definitiva, un cop resoltes les reclamacions:\u00a0<a href=\"https:\/\/agora.xtec.cat\/iesvinyet\/wp-content\/uploads\/usu987\/2024\/04\/Publicacio-llista-reclamacions-resoltes.pdf\">Publicaci\u00f3 llista reclamacions resoltes\u00a0 <\/a>El llistat inclou, tamb\u00e9, el n\u00famero de desempat per a cada sol\u00b7licitud. El proper 30 d&#8217;abril , a les 11.00, es dur\u00e0 a terme el&hellip;  <a href=\"https:\/\/agora.xtec.cat\/iesvinyet\/general\/eso-preinscripcio-llistat-puntuacio-definitiva\/\" title=\"Read ESO- PREINSCRIPCI\u00d3 &#8211; LLISTAT PUNTUACI\u00d3 DEFINITIVA\">Llegeix m\u00e9s\u00bb<\/a><\/p>\n","protected":false},"author":176,"featured_media":0,"comment_status":"open","ping_status":"closed","sticky":false,"template":"","format":"standard","meta":{"_bbp_topic_count":0,"_bbp_reply_count":0,"_bbp_total_topic_count":0,"_bbp_total_reply_count":0,"_bbp_voice_count":0,"_bbp_anonymous_reply_count":0,"_bbp_topic_count_hidden":0,"_bbp_reply_count_hidden":0,"_bbp_forum_subforum_count":0,"footnotes":""},"categories":[1,29],"tags":[],"class_list":["post-3122","post","type-post","status-publish","format-standard","hentry","category-general","category-portada"],"post_mailing_queue_ids":[],"_links":{"self":[{"href":"https:\/\/agora.xtec.cat\/iesvinyet\/wp-json\/wp\/v2\/posts\/3122","targetHints":{"allow":["GET"]}}],"collection":[{"href":"https:\/\/agora.xtec.cat\/iesvinyet\/wp-json\/wp\/v2\/posts"}],"about":[{"href":"https:\/\/agora.xtec.cat\/iesvinyet\/wp-json\/wp\/v2\/types\/post"}],"author":[{"embeddable":true,"href":"https:\/\/agora.xtec.cat\/iesvinyet\/wp-json\/wp\/v2\/users\/176"}],"replies":[{"embeddable":true,"href":"https:\/\/agora.xtec.cat\/iesvinyet\/wp-json\/wp\/v2\/comments?post=3122"}],"version-history":[{"count":1,"href":"https:\/\/agora.xtec.cat\/iesvinyet\/wp-json\/wp\/v2\/posts\/3122\/revisions"}],"predecessor-version":[{"id":3124,"href":"https:\/\/agora.xtec.cat\/iesvinyet\/wp-json\/wp\/v2\/posts\/3122\/revisions\/3124"}],"wp:attachment":[{"href":"https:\/\/agora.xtec.cat\/iesvinyet\/wp-json\/wp\/v2\/media?parent=3122"}],"wp:term":[{"taxonomy":"category","embeddable":true,"href":"https:\/\/agora.xtec.cat\/iesvinyet\/wp-json\/wp\/v2\/categories?post=3122"},{"taxonomy":"post_tag","embeddable":true,"href":"https:\/\/agora.xtec.cat\/iesvinyet\/wp-json\/wp\/v2\/tags?post=3122"}],"curies":[{"name":"wp","href":"https:\/\/api.w.org\/{rel}","templated":true}]}}