{"id":3118,"date":"2024-04-17T18:03:41","date_gmt":"2024-04-17T16:03:41","guid":{"rendered":"https:\/\/agora.xtec.cat\/iesvinyet\/?p=3118"},"modified":"2024-04-17T18:03:41","modified_gmt":"2024-04-17T16:03:41","slug":"eso-llistat-de-preinscripcions-amb-barem-provisional","status":"publish","type":"post","link":"https:\/\/agora.xtec.cat\/iesvinyet\/general\/eso-llistat-de-preinscripcions-amb-barem-provisional\/","title":{"rendered":"ESO- LLISTAT DE PREINSCRIPCIONS AMB BAREM PROVISIONAL"},"content":{"rendered":"<p>Avui s&#8217;ha publicat la llista de sol\u00b7licituds que han demanat el centre i l&#8217;ensenyament en primera petici\u00f3 amb la puntuaci\u00f3 provisional: <strong style=\"font-family: inherit; font-size: 1em;\"><a href=\"https:\/\/agora.xtec.cat\/iesvinyet\/wp-content\/uploads\/usu987\/2024\/04\/ESO-BAREM-PROVISIONAL.pdf\">ESO-BAREM PROVISIONAL<\/a><\/strong><span style=\"font-family: inherit; font-size: 1em;\">.<\/span><\/p>\n<p>El per\u00edode per presentar reclamacions, en cas de detectar errades en la puntuaci\u00f3 provisional, s&#8217;inicia avui i finalitza el 22 d&#8217;abril. Podeu consultar el procediment en aquest <strong><a href=\"https:\/\/preinscripcio.gencat.cat\/ca\/estudis\/eso\/preinscriute\/seguiment-sollicitud\/llista-sollicituds-puntuacio\/\">enlla\u00e7<\/a><\/strong>.<\/p>\n<p>Us facilitem, tamb\u00e9, l&#8217;<strong><a href=\"https:\/\/preinscripcio.gencat.cat\/ca\/estudis\/eso\/informat\/criteris-assignacio\/#criteris-prioritaris-i-complementaris\">enlla\u00e7<\/a><\/strong> a la web on podeu consultar els criteris d&#8217;assignaci\u00f3 prioritaris i complementaris i els punts que s&#8217;obtenen per cadascun dels sup\u00f2sits, per tal que pugueu revisar la puntuaci\u00f3 provisional, d&#8217;acord amb all\u00f2 al\u00b7legat en el proc\u00e9s de preinscripci\u00f3.<\/p>\n","protected":false},"excerpt":{"rendered":"<p>Avui s&#8217;ha publicat la llista de sol\u00b7licituds que han demanat el centre i l&#8217;ensenyament en primera petici\u00f3 amb la puntuaci\u00f3 provisional: <a href=\"https:\/\/agora.xtec.cat\/iesvinyet\/wp-content\/uploads\/usu987\/2024\/04\/ESO-BAREM-PROVISIONAL.pdf\">ESO-BAREM PROVISIONAL<\/a>.<br \/>\nEl per\u00edode per presentar reclamacions, en cas de detectar errades en la puntuaci\u00f3 provisional, s&#8217;inicia avui i finalitza el 22 d&#8217;abril. Podeu&hellip;  <a href=\"https:\/\/agora.xtec.cat\/iesvinyet\/general\/eso-llistat-de-preinscripcions-amb-barem-provisional\/\" title=\"Read ESO- LLISTAT DE PREINSCRIPCIONS AMB BAREM PROVISIONAL\">Llegeix m\u00e9s\u00bb<\/a><\/p>\n","protected":false},"author":176,"featured_media":0,"comment_status":"open","ping_status":"closed","sticky":false,"template":"","format":"standard","meta":{"_bbp_topic_count":0,"_bbp_reply_count":0,"_bbp_total_topic_count":0,"_bbp_total_reply_count":0,"_bbp_voice_count":0,"_bbp_anonymous_reply_count":0,"_bbp_topic_count_hidden":0,"_bbp_reply_count_hidden":0,"_bbp_forum_subforum_count":0,"footnotes":""},"categories":[1,29],"tags":[],"class_list":["post-3118","post","type-post","status-publish","format-standard","hentry","category-general","category-portada"],"post_mailing_queue_ids":[],"_links":{"self":[{"href":"https:\/\/agora.xtec.cat\/iesvinyet\/wp-json\/wp\/v2\/posts\/3118","targetHints":{"allow":["GET"]}}],"collection":[{"href":"https:\/\/agora.xtec.cat\/iesvinyet\/wp-json\/wp\/v2\/posts"}],"about":[{"href":"https:\/\/agora.xtec.cat\/iesvinyet\/wp-json\/wp\/v2\/types\/post"}],"author":[{"embeddable":true,"href":"https:\/\/agora.xtec.cat\/iesvinyet\/wp-json\/wp\/v2\/users\/176"}],"replies":[{"embeddable":true,"href":"https:\/\/agora.xtec.cat\/iesvinyet\/wp-json\/wp\/v2\/comments?post=3118"}],"version-history":[{"count":2,"href":"https:\/\/agora.xtec.cat\/iesvinyet\/wp-json\/wp\/v2\/posts\/3118\/revisions"}],"predecessor-version":[{"id":3121,"href":"https:\/\/agora.xtec.cat\/iesvinyet\/wp-json\/wp\/v2\/posts\/3118\/revisions\/3121"}],"wp:attachment":[{"href":"https:\/\/agora.xtec.cat\/iesvinyet\/wp-json\/wp\/v2\/media?parent=3118"}],"wp:term":[{"taxonomy":"category","embeddable":true,"href":"https:\/\/agora.xtec.cat\/iesvinyet\/wp-json\/wp\/v2\/categories?post=3118"},{"taxonomy":"post_tag","embeddable":true,"href":"https:\/\/agora.xtec.cat\/iesvinyet\/wp-json\/wp\/v2\/tags?post=3118"}],"curies":[{"name":"wp","href":"https:\/\/api.w.org\/{rel}","templated":true}]}}