{"id":3114,"date":"2024-03-06T10:07:52","date_gmt":"2024-03-06T09:07:52","guid":{"rendered":"https:\/\/agora.xtec.cat\/iesvinyet\/?p=3114"},"modified":"2024-03-06T10:08:36","modified_gmt":"2024-03-06T09:08:36","slug":"preinscripcio-eso-2024-2025","status":"publish","type":"post","link":"https:\/\/agora.xtec.cat\/iesvinyet\/eso\/preinscripcio-eso-2024-2025\/","title":{"rendered":"Preinscripci\u00f3 ESO 2024-2025"},"content":{"rendered":"<div><b><span style=\"font-size: large;\">PREINSCRIPCI\u00d3 ESO 2024-2025<\/span><\/b><\/div>\n<div><b><span style=\"font-size: large;\">\u00a0<\/span><\/b><\/div>\n<div>\n<div>\n<p>Entre el\u00a0<strong>dilluns 8 i 20 de mar\u00e7 de 2024<\/strong>\u00a0estar\u00e0 obert el\u00a0<strong>per\u00edode de preinscripci\u00f3<\/strong>\u00a0per cursar estudis d\u2019ESO. Aquesta preinscripci\u00f3 va adre\u00e7ada\u00a0<strong>EXCLUS\u00cdVAMENT<\/strong>\u00a0als alumnes de 6\u00e8 que finalitzen una etapa educativa i s\u2019incorporen a l\u2019ESO o b\u00e9 per aquells alumnes que ja cursen ESO i, per qualsevol motiu, han de canviar de centre educatiu.<\/p>\n<p>El\u00a0<strong>Departament d\u2019Educaci\u00f3<\/strong>\u00a0t\u00e9 disponible un portal web adre\u00e7at a les fam\u00edlies i dedicat exclusivament a informar d\u2019aquest proc\u00e9s de preinscripci\u00f3 i poder realitzar les preinscripcions:\u00a0<strong><em><a href=\"https:\/\/preinscripcio.gencat.cat\/ca\/estudis\/eso\/inici\/\" target=\"_blank\" rel=\"noopener\" data-saferedirecturl=\"https:\/\/www.google.com\/url?q=https:\/\/preinscripcio.gencat.cat\/ca\/estudis\/eso\/inici\/&amp;source=gmail&amp;ust=1709797354240000&amp;usg=AOvVaw2MnVCZuC_Ityc6Esi63GxZ\">https:\/\/<wbr \/>preinscripcio.gencat.cat\/ca\/<wbr \/>estudis\/eso\/inici\/<\/a><\/em><\/strong><\/p>\n<p>En aquest enlla\u00e7 trobareu absolutament tota la informaci\u00f3 necess\u00e0ria aix\u00ed com els enlla\u00e7os per portar a terme la preinscripci\u00f3 que \u00e9s un\u00a0<strong>PROC\u00c9S EXCLUSIVAMENT TELEM\u00c0TIC<\/strong>, per tant les fam\u00edlies necessitaran disposar d\u2019un compte de correu electr\u00f2nic actiu aix\u00ed com d\u2019un certificat digital (<em>idCAT<\/em>\u00a0o\u00a0<em>idCAT m\u00f2bil<\/em>).<\/p>\n<p>En cas que alguna fam\u00edlia tingui dificultats per realitzar aquest tr\u00e0mit es podr\u00e0 adre\u00e7ar a la\u00a0<strong>Secretaria<\/strong>\u00a0de l\u2019INSTITUT i se li podr\u00e0 fer l\u2019acompanyament necessari per realitzar el tr\u00e0mit.<\/p>\n<p>Tot seguit us proposem un video explicatiu preparat pel Departament d\u2019Educaci\u00f3:\u00a0<a href=\"https:\/\/youtu.be\/xwo2A2U-g30\" target=\"_blank\" rel=\"noopener\" data-saferedirecturl=\"https:\/\/www.google.com\/url?q=https:\/\/youtu.be\/xwo2A2U-g30&amp;source=gmail&amp;ust=1709797354240000&amp;usg=AOvVaw0SeL5RxMuu55ehW2e7Eat_\"><b>https:\/\/youtu.be\/<wbr \/>xwo2A2U-g30<\/b><\/a><\/p>\n<p>Per realitzar la sol\u00b7licitud de preinscripci\u00f3 has d\u2019accedir al seg\u00fcent enlla\u00e7:\u00a0<a href=\"https:\/\/preinscripcio.gencat.cat\/ca\/estudis\/eso\/preinscriute\/sollicitud\/\" target=\"_blank\" rel=\"noopener\" data-saferedirecturl=\"https:\/\/www.google.com\/url?q=https:\/\/preinscripcio.gencat.cat\/ca\/estudis\/eso\/preinscriute\/sollicitud\/&amp;source=gmail&amp;ust=1709797354240000&amp;usg=AOvVaw3HXlsCPS8ajmuXPG758p8k\"><strong><em>https:\/\/preinscripcio.<wbr \/>gencat.cat\/ca\/estudis\/eso\/<wbr \/>preinscriute\/sollicitud\/<\/em><\/strong><\/a><\/p>\n<\/div>\n<\/div>\n","protected":false},"excerpt":{"rendered":"<p>PREINSCRIPCI\u00d3 ESO 2024-2025<br \/>\n\u00a0<\/p>\n<p>Entre el\u00a0dilluns 8 i 20 de mar\u00e7 de 2024\u00a0estar\u00e0 obert el\u00a0per\u00edode de preinscripci\u00f3\u00a0per cursar estudis d\u2019ESO. Aquesta preinscripci\u00f3 va adre\u00e7ada\u00a0EXCLUS\u00cdVAMENT\u00a0als alumnes de 6\u00e8 que finalitzen una etapa educativa i s\u2019incorporen a l\u2019ESO o b\u00e9 per aquells alumnes que ja cursen ESO i, per&hellip;  <a href=\"https:\/\/agora.xtec.cat\/iesvinyet\/eso\/preinscripcio-eso-2024-2025\/\" title=\"Read Preinscripci\u00f3 ESO 2024-2025\">Llegeix m\u00e9s\u00bb<\/a><\/p>\n","protected":false},"author":17,"featured_media":0,"comment_status":"closed","ping_status":"closed","sticky":false,"template":"","format":"standard","meta":{"_bbp_topic_count":0,"_bbp_reply_count":0,"_bbp_total_topic_count":0,"_bbp_total_reply_count":0,"_bbp_voice_count":0,"_bbp_anonymous_reply_count":0,"_bbp_topic_count_hidden":0,"_bbp_reply_count_hidden":0,"_bbp_forum_subforum_count":0,"footnotes":""},"categories":[3,29],"tags":[],"class_list":["post-3114","post","type-post","status-publish","format-standard","hentry","category-eso","category-portada"],"post_mailing_queue_ids":[],"_links":{"self":[{"href":"https:\/\/agora.xtec.cat\/iesvinyet\/wp-json\/wp\/v2\/posts\/3114","targetHints":{"allow":["GET"]}}],"collection":[{"href":"https:\/\/agora.xtec.cat\/iesvinyet\/wp-json\/wp\/v2\/posts"}],"about":[{"href":"https:\/\/agora.xtec.cat\/iesvinyet\/wp-json\/wp\/v2\/types\/post"}],"author":[{"embeddable":true,"href":"https:\/\/agora.xtec.cat\/iesvinyet\/wp-json\/wp\/v2\/users\/17"}],"replies":[{"embeddable":true,"href":"https:\/\/agora.xtec.cat\/iesvinyet\/wp-json\/wp\/v2\/comments?post=3114"}],"version-history":[{"count":2,"href":"https:\/\/agora.xtec.cat\/iesvinyet\/wp-json\/wp\/v2\/posts\/3114\/revisions"}],"predecessor-version":[{"id":3117,"href":"https:\/\/agora.xtec.cat\/iesvinyet\/wp-json\/wp\/v2\/posts\/3114\/revisions\/3117"}],"wp:attachment":[{"href":"https:\/\/agora.xtec.cat\/iesvinyet\/wp-json\/wp\/v2\/media?parent=3114"}],"wp:term":[{"taxonomy":"category","embeddable":true,"href":"https:\/\/agora.xtec.cat\/iesvinyet\/wp-json\/wp\/v2\/categories?post=3114"},{"taxonomy":"post_tag","embeddable":true,"href":"https:\/\/agora.xtec.cat\/iesvinyet\/wp-json\/wp\/v2\/tags?post=3114"}],"curies":[{"name":"wp","href":"https:\/\/api.w.org\/{rel}","templated":true}]}}