{"id":3077,"date":"2023-09-04T11:12:05","date_gmt":"2023-09-04T09:12:05","guid":{"rendered":"https:\/\/agora.xtec.cat\/iesvinyet\/?p=3077"},"modified":"2023-09-04T11:12:05","modified_gmt":"2023-09-04T09:12:05","slug":"comencem","status":"publish","type":"post","link":"https:\/\/agora.xtec.cat\/iesvinyet\/general\/comencem\/","title":{"rendered":"COMENCEM?"},"content":{"rendered":"<p>El curs 2023-2024 est\u00e0 a punt de comen\u00e7ar. Enguany, el dia <strong>6 de setembre<\/strong> ser\u00e0 el primer dia per a l&#8217;<strong>alumnat d&#8217;ESO<\/strong> i el dia <strong>12 de setembre<\/strong> comen\u00e7aran els alumnes de <strong>Batxillerat<\/strong>. El primer dia lectiu, es comunicaran els grups classe, l&#8217;horari, l&#8217;equip de tutors del nivell i la normativa que regula el centre i es dur\u00e0 a terme la primera tutoria grupal del curs.<\/p>\n<p><a href=\"https:\/\/agora.xtec.cat\/iesvinyet\/wp-content\/uploads\/usu987\/2023\/09\/ESO-Comencem.jpg\"><img loading=\"lazy\" decoding=\"async\" class=\"alignnone  wp-image-3079\" src=\"https:\/\/agora.xtec.cat\/iesvinyet\/wp-content\/uploads\/usu987\/2023\/09\/ESO-Comencem-724x1024.jpg\" alt=\"\" width=\"381\" height=\"539\" srcset=\"https:\/\/agora.xtec.cat\/iesvinyet\/wp-content\/uploads\/usu987\/2023\/09\/ESO-Comencem-724x1024.jpg 724w, https:\/\/agora.xtec.cat\/iesvinyet\/wp-content\/uploads\/usu987\/2023\/09\/ESO-Comencem-212x300.jpg 212w, https:\/\/agora.xtec.cat\/iesvinyet\/wp-content\/uploads\/usu987\/2023\/09\/ESO-Comencem-768x1086.jpg 768w, https:\/\/agora.xtec.cat\/iesvinyet\/wp-content\/uploads\/usu987\/2023\/09\/ESO-Comencem-1086x1536.jpg 1086w, https:\/\/agora.xtec.cat\/iesvinyet\/wp-content\/uploads\/usu987\/2023\/09\/ESO-Comencem-1448x2048.jpg 1448w, https:\/\/agora.xtec.cat\/iesvinyet\/wp-content\/uploads\/usu987\/2023\/09\/ESO-Comencem.jpg 1587w\" sizes=\"auto, (max-width: 381px) 100vw, 381px\" \/><\/a><a href=\"https:\/\/agora.xtec.cat\/iesvinyet\/wp-content\/uploads\/usu987\/2023\/09\/BAT-Comencem.jpg\"> \u00a0\u00a0\u00a0\u00a0\u00a0\u00a0\u00a0\u00a0\u00a0 <\/a><a href=\"https:\/\/agora.xtec.cat\/iesvinyet\/wp-content\/uploads\/usu987\/2023\/09\/BAT-Comencem.jpg\"><img loading=\"lazy\" decoding=\"async\" class=\"alignnone  wp-image-3078\" src=\"https:\/\/agora.xtec.cat\/iesvinyet\/wp-content\/uploads\/usu987\/2023\/09\/BAT-Comencem-724x1024.jpg\" alt=\"\" width=\"380\" height=\"537\" srcset=\"https:\/\/agora.xtec.cat\/iesvinyet\/wp-content\/uploads\/usu987\/2023\/09\/BAT-Comencem-724x1024.jpg 724w, https:\/\/agora.xtec.cat\/iesvinyet\/wp-content\/uploads\/usu987\/2023\/09\/BAT-Comencem-212x300.jpg 212w, https:\/\/agora.xtec.cat\/iesvinyet\/wp-content\/uploads\/usu987\/2023\/09\/BAT-Comencem-768x1086.jpg 768w, https:\/\/agora.xtec.cat\/iesvinyet\/wp-content\/uploads\/usu987\/2023\/09\/BAT-Comencem-1086x1536.jpg 1086w, https:\/\/agora.xtec.cat\/iesvinyet\/wp-content\/uploads\/usu987\/2023\/09\/BAT-Comencem-1448x2048.jpg 1448w, https:\/\/agora.xtec.cat\/iesvinyet\/wp-content\/uploads\/usu987\/2023\/09\/BAT-Comencem.jpg 1587w\" sizes=\"auto, (max-width: 380px) 100vw, 380px\" \/><\/a><\/p>\n<p>El servei de bus llan\u00e7adora i el servei de menjador comen\u00e7aran a funcionar amb normalitat el dijous 7 de setembre.<\/p>\n","protected":false},"excerpt":{"rendered":"<p>El curs 2023-2024 est\u00e0 a punt de comen\u00e7ar. Enguany, el dia 6 de setembre ser\u00e0 el primer dia per a l&#8217;alumnat d&#8217;ESO i el dia 12 de setembre comen\u00e7aran els alumnes de Batxillerat. El primer dia lectiu, es comunicaran els grups classe, l&#8217;horari, l&#8217;equip de&hellip;  <a href=\"https:\/\/agora.xtec.cat\/iesvinyet\/general\/comencem\/\" title=\"Read COMENCEM?\">Llegeix m\u00e9s\u00bb<\/a><\/p>\n","protected":false},"author":176,"featured_media":0,"comment_status":"open","ping_status":"closed","sticky":false,"template":"","format":"standard","meta":{"_bbp_topic_count":0,"_bbp_reply_count":0,"_bbp_total_topic_count":0,"_bbp_total_reply_count":0,"_bbp_voice_count":0,"_bbp_anonymous_reply_count":0,"_bbp_topic_count_hidden":0,"_bbp_reply_count_hidden":0,"_bbp_forum_subforum_count":0,"footnotes":""},"categories":[8,3,1,29],"tags":[],"class_list":["post-3077","post","type-post","status-publish","format-standard","hentry","category-batxillerat","category-eso","category-general","category-portada"],"post_mailing_queue_ids":[],"_links":{"self":[{"href":"https:\/\/agora.xtec.cat\/iesvinyet\/wp-json\/wp\/v2\/posts\/3077","targetHints":{"allow":["GET"]}}],"collection":[{"href":"https:\/\/agora.xtec.cat\/iesvinyet\/wp-json\/wp\/v2\/posts"}],"about":[{"href":"https:\/\/agora.xtec.cat\/iesvinyet\/wp-json\/wp\/v2\/types\/post"}],"author":[{"embeddable":true,"href":"https:\/\/agora.xtec.cat\/iesvinyet\/wp-json\/wp\/v2\/users\/176"}],"replies":[{"embeddable":true,"href":"https:\/\/agora.xtec.cat\/iesvinyet\/wp-json\/wp\/v2\/comments?post=3077"}],"version-history":[{"count":1,"href":"https:\/\/agora.xtec.cat\/iesvinyet\/wp-json\/wp\/v2\/posts\/3077\/revisions"}],"predecessor-version":[{"id":3080,"href":"https:\/\/agora.xtec.cat\/iesvinyet\/wp-json\/wp\/v2\/posts\/3077\/revisions\/3080"}],"wp:attachment":[{"href":"https:\/\/agora.xtec.cat\/iesvinyet\/wp-json\/wp\/v2\/media?parent=3077"}],"wp:term":[{"taxonomy":"category","embeddable":true,"href":"https:\/\/agora.xtec.cat\/iesvinyet\/wp-json\/wp\/v2\/categories?post=3077"},{"taxonomy":"post_tag","embeddable":true,"href":"https:\/\/agora.xtec.cat\/iesvinyet\/wp-json\/wp\/v2\/tags?post=3077"}],"curies":[{"name":"wp","href":"https:\/\/api.w.org\/{rel}","templated":true}]}}