{"id":2998,"date":"2023-06-02T09:35:23","date_gmt":"2023-06-02T07:35:23","guid":{"rendered":"https:\/\/agora.xtec.cat\/iesvinyet\/?p=2998"},"modified":"2023-06-02T09:35:23","modified_gmt":"2023-06-02T07:35:23","slug":"informacio-matricula-eso-i-bat","status":"publish","type":"post","link":"https:\/\/agora.xtec.cat\/iesvinyet\/general\/informacio-matricula-eso-i-bat\/","title":{"rendered":"INFORMACI\u00d3 MATR\u00cdCULA ESO i BAT"},"content":{"rendered":"<h3>Informaci\u00f3 matr\u00edcula ESO &#8211; Alumnat NOU al centre<\/h3>\n<div>\n<p>Publicaci\u00f3 llistat d&#8217;admesos: <strong>12 de juny<\/strong><\/p>\n<p>Termini de matriculaci\u00f3: <b>del 20 al 28 de juny.<\/b><\/p>\n<p><strong>A partir del dia 12 de juny<\/strong>, podreu demanar <strong>cita pr\u00e8via<\/strong> al tel\u00e8fon del centre <b>93 810 71 32<\/b><\/p>\n<p><span style=\"font-family: inherit; font-size: 1em;\">Us adjuntem tota la informaci\u00f3 al seg\u00fcent document: <\/span><strong><a style=\"font-family: inherit; font-size: 1em;\" href=\"https:\/\/agora.xtec.cat\/iesvinyet\/wp-content\/uploads\/usu987\/2023\/06\/2324-ESO-Informacio-matricula.pdf\" target=\"_blank\" rel=\"noopener\">2324 &#8211; ESO &#8211; Informaci\u00f3 matr\u00edcula<\/a><span style=\"font-family: inherit; font-size: 1em;\">.<\/span><\/strong><\/p>\n<p><strong>IMPORTANT<\/strong>: L&#8217;alumnat que ja est\u00e0 cursant l&#8217;ESO al centre NO ha de fer el proc\u00e9s de matr\u00edcula.<\/p>\n<div>\n<h3><\/h3>\n<h3>Informaci\u00f3 matr\u00edcula BATXILLERAT<\/h3>\n<p>Publicaci\u00f3 llistat d&#8217;admesos: <strong>21 de juny<\/strong>.<\/p>\n<\/div>\n<p>Termini de matriculaci\u00f3: del\u00a0<b>22 de juny al 3 de juliol.<\/b><\/p>\n<p><strong>A partir del dia 21 de juny<\/strong>, ja pots demanar <strong>cita pr\u00e8via<\/strong> al tel\u00e8fon del centre <b>93 810 71 32<\/b><\/p>\n<p>Us adjuntem tota la informaci\u00f3 al seg\u00fcent document: <strong><a href=\"https:\/\/agora.xtec.cat\/iesvinyet\/wp-content\/uploads\/usu987\/2023\/06\/2324-BAT-Informacio-matricula.pdf\" target=\"_blank\" rel=\"noopener\">2324 &#8211; BAT &#8211; Informaci\u00f3 matr\u00edcula<\/a><\/strong><\/p>\n<\/div>\n<div class=\"gmail_signature\" dir=\"ltr\" data-smartmail=\"gmail_signature\">\n<div dir=\"ltr\">\n<div dir=\"ltr\">\n<div dir=\"ltr\">\n<div dir=\"ltr\">\n<div dir=\"ltr\">\n<div dir=\"ltr\">\n<p><strong>IMPORTANT<\/strong>: Tot l&#8217;alumnat que inicia 1r BAT ha de fer el proc\u00e9s de matr\u00edcula, encara que cursi 4t al centre. L&#8217;alumnat que inicia 2n BAT nom\u00e9s ha de matricular-se en cas de no estar cursant estudis actualment al centre.<\/p>\n<\/div>\n<\/div>\n<\/div>\n<\/div>\n<\/div>\n<\/div>\n<\/div>\n","protected":false},"excerpt":{"rendered":"<p>Informaci\u00f3 matr\u00edcula ESO &#8211; Alumnat NOU al centre<\/p>\n<p>Publicaci\u00f3 llistat d&#8217;admesos: 12 de juny<br \/>\nTermini de matriculaci\u00f3: del 20 al 28 de juny.<br \/>\nA partir del dia 12 de juny, podreu demanar cita pr\u00e8via al tel\u00e8fon del centre 93 810 71 32<br \/>\nUs adjuntem tota la informaci\u00f3 al seg\u00fcent&hellip;  <a href=\"https:\/\/agora.xtec.cat\/iesvinyet\/general\/informacio-matricula-eso-i-bat\/\" title=\"Read INFORMACI\u00d3 MATR\u00cdCULA ESO i BAT\">Llegeix m\u00e9s\u00bb<\/a><\/p>\n","protected":false},"author":176,"featured_media":0,"comment_status":"open","ping_status":"closed","sticky":false,"template":"","format":"standard","meta":{"_bbp_topic_count":0,"_bbp_reply_count":0,"_bbp_total_topic_count":0,"_bbp_total_reply_count":0,"_bbp_voice_count":0,"_bbp_anonymous_reply_count":0,"_bbp_topic_count_hidden":0,"_bbp_reply_count_hidden":0,"_bbp_forum_subforum_count":0,"footnotes":""},"categories":[8,3,1,29],"tags":[],"class_list":["post-2998","post","type-post","status-publish","format-standard","hentry","category-batxillerat","category-eso","category-general","category-portada"],"post_mailing_queue_ids":[],"_links":{"self":[{"href":"https:\/\/agora.xtec.cat\/iesvinyet\/wp-json\/wp\/v2\/posts\/2998","targetHints":{"allow":["GET"]}}],"collection":[{"href":"https:\/\/agora.xtec.cat\/iesvinyet\/wp-json\/wp\/v2\/posts"}],"about":[{"href":"https:\/\/agora.xtec.cat\/iesvinyet\/wp-json\/wp\/v2\/types\/post"}],"author":[{"embeddable":true,"href":"https:\/\/agora.xtec.cat\/iesvinyet\/wp-json\/wp\/v2\/users\/176"}],"replies":[{"embeddable":true,"href":"https:\/\/agora.xtec.cat\/iesvinyet\/wp-json\/wp\/v2\/comments?post=2998"}],"version-history":[{"count":2,"href":"https:\/\/agora.xtec.cat\/iesvinyet\/wp-json\/wp\/v2\/posts\/2998\/revisions"}],"predecessor-version":[{"id":3008,"href":"https:\/\/agora.xtec.cat\/iesvinyet\/wp-json\/wp\/v2\/posts\/2998\/revisions\/3008"}],"wp:attachment":[{"href":"https:\/\/agora.xtec.cat\/iesvinyet\/wp-json\/wp\/v2\/media?parent=2998"}],"wp:term":[{"taxonomy":"category","embeddable":true,"href":"https:\/\/agora.xtec.cat\/iesvinyet\/wp-json\/wp\/v2\/categories?post=2998"},{"taxonomy":"post_tag","embeddable":true,"href":"https:\/\/agora.xtec.cat\/iesvinyet\/wp-json\/wp\/v2\/tags?post=2998"}],"curies":[{"name":"wp","href":"https:\/\/api.w.org\/{rel}","templated":true}]}}