{"id":2977,"date":"2023-05-09T12:28:29","date_gmt":"2023-05-09T10:28:29","guid":{"rendered":"https:\/\/agora.xtec.cat\/iesvinyet\/?p=2977"},"modified":"2023-05-09T13:25:36","modified_gmt":"2023-05-09T11:25:36","slug":"convocatoria-ajuts-i-serveis-escolars-curs-2023-2024","status":"publish","type":"post","link":"https:\/\/agora.xtec.cat\/iesvinyet\/general\/convocatoria-ajuts-i-serveis-escolars-curs-2023-2024\/","title":{"rendered":"Convocat\u00f2ria ajuts i serveis escolars curs 2023-2024"},"content":{"rendered":"<p>Us fem arribar la informaci\u00f3 sobre la convocat\u00f2ria d&#8217;ajuts i serveis escolars pel curs 2023-2024. Al seg\u00fcent <strong><a href=\"https:\/\/agora.xtec.cat\/iesvinyet\/wp-content\/uploads\/usu987\/2023\/05\/Convocatoria-ajuts-i-serveis-escolars-curs-2023.pdf\" target=\"_blank\" rel=\"noopener\">enlla\u00e7<\/a><\/strong><\/p>\n<p>&nbsp;<\/p>\n","protected":false},"excerpt":{"rendered":"<p>Us fem arribar la informaci\u00f3 sobre la convocat\u00f2ria d&#8217;ajuts i serveis escolars pel curs 2023-2024. Al seg\u00fcent <a href=\"https:\/\/agora.xtec.cat\/iesvinyet\/wp-content\/uploads\/usu987\/2023\/05\/Convocatoria-ajuts-i-serveis-escolars-curs-2023.pdf\" target=\"_blank\" rel=\"noopener\">enlla\u00e7<\/a><br \/>\n&nbsp;<\/p>\n","protected":false},"author":17,"featured_media":0,"comment_status":"open","ping_status":"closed","sticky":false,"template":"","format":"standard","meta":{"_bbp_topic_count":0,"_bbp_reply_count":0,"_bbp_total_topic_count":0,"_bbp_total_reply_count":0,"_bbp_voice_count":0,"_bbp_anonymous_reply_count":0,"_bbp_topic_count_hidden":0,"_bbp_reply_count_hidden":0,"_bbp_forum_subforum_count":0,"footnotes":""},"categories":[1,29],"tags":[],"class_list":["post-2977","post","type-post","status-publish","format-standard","hentry","category-general","category-portada"],"post_mailing_queue_ids":[],"_links":{"self":[{"href":"https:\/\/agora.xtec.cat\/iesvinyet\/wp-json\/wp\/v2\/posts\/2977","targetHints":{"allow":["GET"]}}],"collection":[{"href":"https:\/\/agora.xtec.cat\/iesvinyet\/wp-json\/wp\/v2\/posts"}],"about":[{"href":"https:\/\/agora.xtec.cat\/iesvinyet\/wp-json\/wp\/v2\/types\/post"}],"author":[{"embeddable":true,"href":"https:\/\/agora.xtec.cat\/iesvinyet\/wp-json\/wp\/v2\/users\/17"}],"replies":[{"embeddable":true,"href":"https:\/\/agora.xtec.cat\/iesvinyet\/wp-json\/wp\/v2\/comments?post=2977"}],"version-history":[{"count":2,"href":"https:\/\/agora.xtec.cat\/iesvinyet\/wp-json\/wp\/v2\/posts\/2977\/revisions"}],"predecessor-version":[{"id":2980,"href":"https:\/\/agora.xtec.cat\/iesvinyet\/wp-json\/wp\/v2\/posts\/2977\/revisions\/2980"}],"wp:attachment":[{"href":"https:\/\/agora.xtec.cat\/iesvinyet\/wp-json\/wp\/v2\/media?parent=2977"}],"wp:term":[{"taxonomy":"category","embeddable":true,"href":"https:\/\/agora.xtec.cat\/iesvinyet\/wp-json\/wp\/v2\/categories?post=2977"},{"taxonomy":"post_tag","embeddable":true,"href":"https:\/\/agora.xtec.cat\/iesvinyet\/wp-json\/wp\/v2\/tags?post=2977"}],"curies":[{"name":"wp","href":"https:\/\/api.w.org\/{rel}","templated":true}]}}