{"id":2947,"date":"2022-09-06T16:41:24","date_gmt":"2022-09-06T14:41:24","guid":{"rendered":"https:\/\/agora.xtec.cat\/iesvinyet\/?p=2947"},"modified":"2022-09-08T19:27:06","modified_gmt":"2022-09-08T17:27:06","slug":"beques-i-ajudes-del-mec-per-alumnes-amb-nee","status":"publish","type":"post","link":"https:\/\/agora.xtec.cat\/iesvinyet\/general\/beques-i-ajudes-del-mec-per-alumnes-amb-nee\/","title":{"rendered":"BEQUES MEC PER ALUMNAT AMB NESE"},"content":{"rendered":"<p>Enllacem en aquest article informaci\u00f3 sobre la convocat\u00f2ria d&#8217;ajuts individualitzats convocats pel Ministeri d&#8217;Educaci\u00f3 i Formaci\u00f3 Professional per a alumnes amb necessitat espec\u00edfica de suport educatiu (NESE). El <strong>termini<\/strong> de presentaci\u00f3 de sol\u00b7licituds <strong>finalitza el proper 30 de setembre<\/strong>.<\/p>\n<p><a href=\"https:\/\/www.educacionyfp.gob.es\/servicios-al-ciudadano\/catalogo\/estudiantes\/becas-ayudas\/para-estudiar\/primaria-secundaria\/necesidad-especifica-apoyo-educativo.html\">Informaci\u00f3 del Ministeri<\/a><\/p>\n<p><a href=\"https:\/\/educacio.gencat.cat\/ca\/tramits\/tramits-temes\/Ajuts-per-a-alumnes-amb-necessitat-especifica-de-suport-educatiu\">Informaci\u00f3 del Departament d&#8217;Educaci\u00f3<\/a><\/p>\n<div><\/div>\n","protected":false},"excerpt":{"rendered":"<p>Enllacem en aquest article informaci\u00f3 sobre la convocat\u00f2ria d&#8217;ajuts individualitzats convocats pel Ministeri d&#8217;Educaci\u00f3 i Formaci\u00f3 Professional per a alumnes amb necessitat espec\u00edfica de suport educatiu (NESE). El termini de presentaci\u00f3 de sol\u00b7licituds finalitza el proper 30 de setembre.<br \/>\n<a href=\"https:\/\/www.educacionyfp.gob.es\/servicios-al-ciudadano\/catalogo\/estudiantes\/becas-ayudas\/para-estudiar\/primaria-secundaria\/necesidad-especifica-apoyo-educativo.html\">Informaci\u00f3 del Ministeri<\/a><br \/>\n<a href=\"https:\/\/educacio.gencat.cat\/ca\/tramits\/tramits-temes\/Ajuts-per-a-alumnes-amb-necessitat-especifica-de-suport-educatiu\">Informaci\u00f3 del Departament&hellip;  <a href=\"https:\/\/agora.xtec.cat\/iesvinyet\/general\/beques-i-ajudes-del-mec-per-alumnes-amb-nee\/\" title=\"Read BEQUES MEC PER ALUMNAT AMB NESE\">Llegeix m\u00e9s\u00bb<\/a><\/p>\n","protected":false},"author":17,"featured_media":0,"comment_status":"open","ping_status":"closed","sticky":false,"template":"","format":"standard","meta":{"_bbp_topic_count":0,"_bbp_reply_count":0,"_bbp_total_topic_count":0,"_bbp_total_reply_count":0,"_bbp_voice_count":0,"_bbp_anonymous_reply_count":0,"_bbp_topic_count_hidden":0,"_bbp_reply_count_hidden":0,"_bbp_forum_subforum_count":0,"footnotes":""},"categories":[127,1,29],"tags":[],"class_list":["post-2947","post","type-post","status-publish","format-standard","hentry","category-avisos","category-general","category-portada"],"post_mailing_queue_ids":[],"_links":{"self":[{"href":"https:\/\/agora.xtec.cat\/iesvinyet\/wp-json\/wp\/v2\/posts\/2947","targetHints":{"allow":["GET"]}}],"collection":[{"href":"https:\/\/agora.xtec.cat\/iesvinyet\/wp-json\/wp\/v2\/posts"}],"about":[{"href":"https:\/\/agora.xtec.cat\/iesvinyet\/wp-json\/wp\/v2\/types\/post"}],"author":[{"embeddable":true,"href":"https:\/\/agora.xtec.cat\/iesvinyet\/wp-json\/wp\/v2\/users\/17"}],"replies":[{"embeddable":true,"href":"https:\/\/agora.xtec.cat\/iesvinyet\/wp-json\/wp\/v2\/comments?post=2947"}],"version-history":[{"count":3,"href":"https:\/\/agora.xtec.cat\/iesvinyet\/wp-json\/wp\/v2\/posts\/2947\/revisions"}],"predecessor-version":[{"id":2951,"href":"https:\/\/agora.xtec.cat\/iesvinyet\/wp-json\/wp\/v2\/posts\/2947\/revisions\/2951"}],"wp:attachment":[{"href":"https:\/\/agora.xtec.cat\/iesvinyet\/wp-json\/wp\/v2\/media?parent=2947"}],"wp:term":[{"taxonomy":"category","embeddable":true,"href":"https:\/\/agora.xtec.cat\/iesvinyet\/wp-json\/wp\/v2\/categories?post=2947"},{"taxonomy":"post_tag","embeddable":true,"href":"https:\/\/agora.xtec.cat\/iesvinyet\/wp-json\/wp\/v2\/tags?post=2947"}],"curies":[{"name":"wp","href":"https:\/\/api.w.org\/{rel}","templated":true}]}}