{"id":2924,"date":"2022-06-10T11:33:10","date_gmt":"2022-06-10T09:33:10","guid":{"rendered":"https:\/\/agora.xtec.cat\/iesvinyet\/?p=2924"},"modified":"2022-06-10T11:33:10","modified_gmt":"2022-06-10T09:33:10","slug":"informacio-matricula-batxillerat-2","status":"publish","type":"post","link":"https:\/\/agora.xtec.cat\/iesvinyet\/batxillerat\/informacio-matricula-batxillerat-2\/","title":{"rendered":"Informaci\u00f3 matr\u00edcula Batxillerat"},"content":{"rendered":"<p>Termini de matriculaci\u00f3: del <strong>23 al 29 de juny<\/strong>.<\/p>\n<p>Ja pots demanar <strong>cita pr\u00e8via<\/strong> al tel\u00e8fon del centre 93 810 71 32<\/p>\n<p>Us adjuntem tota la informaci\u00f3 al seg\u00fcent document:<\/p>\n<p><a href=\"https:\/\/agora.xtec.cat\/iesvinyet\/wp-content\/uploads\/usu987\/2022\/06\/2223-BAT-Informacio-matricula.pdf\">2223-BAT-Informaci\u00f3 matricula<\/a><\/p>\n","protected":false},"excerpt":{"rendered":"<p>Termini de matriculaci\u00f3: del 23 al 29 de juny.<br \/>\nJa pots demanar cita pr\u00e8via al tel\u00e8fon del centre 93 810 71 32<br \/>\nUs adjuntem tota la informaci\u00f3 al seg\u00fcent document:<br \/>\n<a href=\"https:\/\/agora.xtec.cat\/iesvinyet\/wp-content\/uploads\/usu987\/2022\/06\/2223-BAT-Informacio-matricula.pdf\">2223-BAT-Informaci\u00f3 matricula<\/a><\/p>\n","protected":false},"author":17,"featured_media":0,"comment_status":"open","ping_status":"closed","sticky":false,"template":"","format":"standard","meta":{"_bbp_topic_count":0,"_bbp_reply_count":0,"_bbp_total_topic_count":0,"_bbp_total_reply_count":0,"_bbp_voice_count":0,"_bbp_anonymous_reply_count":0,"_bbp_topic_count_hidden":0,"_bbp_reply_count_hidden":0,"_bbp_forum_subforum_count":0,"footnotes":""},"categories":[8,29],"tags":[],"class_list":["post-2924","post","type-post","status-publish","format-standard","hentry","category-batxillerat","category-portada"],"post_mailing_queue_ids":[],"_links":{"self":[{"href":"https:\/\/agora.xtec.cat\/iesvinyet\/wp-json\/wp\/v2\/posts\/2924","targetHints":{"allow":["GET"]}}],"collection":[{"href":"https:\/\/agora.xtec.cat\/iesvinyet\/wp-json\/wp\/v2\/posts"}],"about":[{"href":"https:\/\/agora.xtec.cat\/iesvinyet\/wp-json\/wp\/v2\/types\/post"}],"author":[{"embeddable":true,"href":"https:\/\/agora.xtec.cat\/iesvinyet\/wp-json\/wp\/v2\/users\/17"}],"replies":[{"embeddable":true,"href":"https:\/\/agora.xtec.cat\/iesvinyet\/wp-json\/wp\/v2\/comments?post=2924"}],"version-history":[{"count":1,"href":"https:\/\/agora.xtec.cat\/iesvinyet\/wp-json\/wp\/v2\/posts\/2924\/revisions"}],"predecessor-version":[{"id":2926,"href":"https:\/\/agora.xtec.cat\/iesvinyet\/wp-json\/wp\/v2\/posts\/2924\/revisions\/2926"}],"wp:attachment":[{"href":"https:\/\/agora.xtec.cat\/iesvinyet\/wp-json\/wp\/v2\/media?parent=2924"}],"wp:term":[{"taxonomy":"category","embeddable":true,"href":"https:\/\/agora.xtec.cat\/iesvinyet\/wp-json\/wp\/v2\/categories?post=2924"},{"taxonomy":"post_tag","embeddable":true,"href":"https:\/\/agora.xtec.cat\/iesvinyet\/wp-json\/wp\/v2\/tags?post=2924"}],"curies":[{"name":"wp","href":"https:\/\/api.w.org\/{rel}","templated":true}]}}