{"id":2920,"date":"2022-06-10T11:28:56","date_gmt":"2022-06-10T09:28:56","guid":{"rendered":"https:\/\/agora.xtec.cat\/iesvinyet\/?p=2920"},"modified":"2022-06-10T11:29:20","modified_gmt":"2022-06-10T09:29:20","slug":"informacio-matricula-eso-2","status":"publish","type":"post","link":"https:\/\/agora.xtec.cat\/iesvinyet\/eso\/informacio-matricula-eso-2\/","title":{"rendered":"Informaci\u00f3 matr\u00edcula ESO"},"content":{"rendered":"<p>Termini de matriculaci\u00f3: del <strong>21 al 29 de juny<\/strong>.<\/p>\n<p>Ja pots demanar <strong>cita pr\u00e8via<\/strong> al tel\u00e8fon del centre 93 810 71 32<\/p>\n<p>Us adjuntem tota la informaci\u00f3 al seg\u00fcent document:<\/p>\n<p><a href=\"https:\/\/agora.xtec.cat\/iesvinyet\/wp-content\/uploads\/usu987\/2022\/06\/2223-ESO-Informacio-matricula.pdf\">2223-ESO-Informaci\u00f3 matricula<\/a><\/p>\n","protected":false},"excerpt":{"rendered":"<p>Termini de matriculaci\u00f3: del 21 al 29 de juny.<br \/>\nJa pots demanar cita pr\u00e8via al tel\u00e8fon del centre 93 810 71 32<br \/>\nUs adjuntem tota la informaci\u00f3 al seg\u00fcent document:<br \/>\n<a href=\"https:\/\/agora.xtec.cat\/iesvinyet\/wp-content\/uploads\/usu987\/2022\/06\/2223-ESO-Informacio-matricula.pdf\">2223-ESO-Informaci\u00f3 matricula<\/a><\/p>\n","protected":false},"author":17,"featured_media":0,"comment_status":"open","ping_status":"closed","sticky":false,"template":"","format":"standard","meta":{"_bbp_topic_count":0,"_bbp_reply_count":0,"_bbp_total_topic_count":0,"_bbp_total_reply_count":0,"_bbp_voice_count":0,"_bbp_anonymous_reply_count":0,"_bbp_topic_count_hidden":0,"_bbp_reply_count_hidden":0,"_bbp_forum_subforum_count":0,"footnotes":""},"categories":[3,29],"tags":[],"class_list":["post-2920","post","type-post","status-publish","format-standard","hentry","category-eso","category-portada"],"post_mailing_queue_ids":[],"_links":{"self":[{"href":"https:\/\/agora.xtec.cat\/iesvinyet\/wp-json\/wp\/v2\/posts\/2920","targetHints":{"allow":["GET"]}}],"collection":[{"href":"https:\/\/agora.xtec.cat\/iesvinyet\/wp-json\/wp\/v2\/posts"}],"about":[{"href":"https:\/\/agora.xtec.cat\/iesvinyet\/wp-json\/wp\/v2\/types\/post"}],"author":[{"embeddable":true,"href":"https:\/\/agora.xtec.cat\/iesvinyet\/wp-json\/wp\/v2\/users\/17"}],"replies":[{"embeddable":true,"href":"https:\/\/agora.xtec.cat\/iesvinyet\/wp-json\/wp\/v2\/comments?post=2920"}],"version-history":[{"count":2,"href":"https:\/\/agora.xtec.cat\/iesvinyet\/wp-json\/wp\/v2\/posts\/2920\/revisions"}],"predecessor-version":[{"id":2923,"href":"https:\/\/agora.xtec.cat\/iesvinyet\/wp-json\/wp\/v2\/posts\/2920\/revisions\/2923"}],"wp:attachment":[{"href":"https:\/\/agora.xtec.cat\/iesvinyet\/wp-json\/wp\/v2\/media?parent=2920"}],"wp:term":[{"taxonomy":"category","embeddable":true,"href":"https:\/\/agora.xtec.cat\/iesvinyet\/wp-json\/wp\/v2\/categories?post=2920"},{"taxonomy":"post_tag","embeddable":true,"href":"https:\/\/agora.xtec.cat\/iesvinyet\/wp-json\/wp\/v2\/tags?post=2920"}],"curies":[{"name":"wp","href":"https:\/\/api.w.org\/{rel}","templated":true}]}}