{"id":2893,"date":"2022-04-04T10:54:58","date_gmt":"2022-04-04T08:54:58","guid":{"rendered":"https:\/\/agora.xtec.cat\/iesvinyet\/?p=2893"},"modified":"2022-04-04T10:54:58","modified_gmt":"2022-04-04T08:54:58","slug":"batxillerat-tobrim-les-portes","status":"publish","type":"post","link":"https:\/\/agora.xtec.cat\/iesvinyet\/batxillerat\/batxillerat-tobrim-les-portes\/","title":{"rendered":"BATXILLERAT: T&#8217;OBRIM LES PORTES!"},"content":{"rendered":"<p>El proper <strong>19 d&#8217;abril<\/strong>, a les <strong>18.30<\/strong>, obrirem les portes del centre per explicar-vos el <strong>BATXILLERAT<\/strong> a l&#8217;Institut Vinyet.<\/p>\n<p>Podeu demanar <strong>cita pr\u00e8via<\/strong> al tel\u00e8fon <strong>938107132<\/strong> o enviant un correu a l&#8217;adre\u00e7a <strong>a8061014@xtec.cat<\/strong> i facilitant-nos un n\u00famero de tel\u00e8fon de contacte.<\/p>\n<p>Recordeu que la <strong>preinscripci\u00f3 al Batxillerat<\/strong> es dur\u00e0 a terme, de manera <strong>telem\u00e0tica<\/strong>, del <strong>20 al 26 d&#8217;abril<\/strong>, a trav\u00e9s de la p\u00e0gina web d&#8217;Educaci\u00f3:\u00a0<a href=\"https:\/\/preinscripcio.gencat.cat\/ca\/inici\/\">https:\/\/preinscripcio.gencat.cat\/ca\/inici\/<\/a><\/p>\n<p>Us hi esperem!<\/p>\n<p><a href=\"https:\/\/agora.xtec.cat\/iesvinyet\/wp-content\/uploads\/usu987\/2022\/04\/Cartell-PPOO-BAT.png\"><img loading=\"lazy\" decoding=\"async\" class=\"alignnone  wp-image-2894\" src=\"https:\/\/agora.xtec.cat\/iesvinyet\/wp-content\/uploads\/usu987\/2022\/04\/Cartell-PPOO-BAT-724x1024.png\" alt=\"\" width=\"348\" height=\"492\" srcset=\"https:\/\/agora.xtec.cat\/iesvinyet\/wp-content\/uploads\/usu987\/2022\/04\/Cartell-PPOO-BAT-724x1024.png 724w, https:\/\/agora.xtec.cat\/iesvinyet\/wp-content\/uploads\/usu987\/2022\/04\/Cartell-PPOO-BAT-212x300.png 212w, https:\/\/agora.xtec.cat\/iesvinyet\/wp-content\/uploads\/usu987\/2022\/04\/Cartell-PPOO-BAT-768x1086.png 768w, https:\/\/agora.xtec.cat\/iesvinyet\/wp-content\/uploads\/usu987\/2022\/04\/Cartell-PPOO-BAT-1086x1536.png 1086w, https:\/\/agora.xtec.cat\/iesvinyet\/wp-content\/uploads\/usu987\/2022\/04\/Cartell-PPOO-BAT-1448x2048.png 1448w, https:\/\/agora.xtec.cat\/iesvinyet\/wp-content\/uploads\/usu987\/2022\/04\/Cartell-PPOO-BAT.png 1587w\" sizes=\"auto, (max-width: 348px) 100vw, 348px\" \/><\/a><\/p>\n","protected":false},"excerpt":{"rendered":"<p>El proper 19 d&#8217;abril, a les 18.30, obrirem les portes del centre per explicar-vos el BATXILLERAT a l&#8217;Institut Vinyet.<br \/>\nPodeu demanar cita pr\u00e8via al tel\u00e8fon 938107132 o enviant un correu a l&#8217;adre\u00e7a a8061014@xtec.cat i facilitant-nos un n\u00famero de tel\u00e8fon de contacte.<br \/>\nRecordeu que la preinscripci\u00f3 al Batxillerat&hellip;  <a href=\"https:\/\/agora.xtec.cat\/iesvinyet\/batxillerat\/batxillerat-tobrim-les-portes\/\" title=\"Read BATXILLERAT: T&#8217;OBRIM LES PORTES!\">Llegeix m\u00e9s\u00bb<\/a><\/p>\n","protected":false},"author":176,"featured_media":0,"comment_status":"open","ping_status":"closed","sticky":false,"template":"","format":"standard","meta":{"_bbp_topic_count":0,"_bbp_reply_count":0,"_bbp_total_topic_count":0,"_bbp_total_reply_count":0,"_bbp_voice_count":0,"_bbp_anonymous_reply_count":0,"_bbp_topic_count_hidden":0,"_bbp_reply_count_hidden":0,"_bbp_forum_subforum_count":0,"footnotes":""},"categories":[8,29],"tags":[],"class_list":["post-2893","post","type-post","status-publish","format-standard","hentry","category-batxillerat","category-portada"],"post_mailing_queue_ids":[],"_links":{"self":[{"href":"https:\/\/agora.xtec.cat\/iesvinyet\/wp-json\/wp\/v2\/posts\/2893","targetHints":{"allow":["GET"]}}],"collection":[{"href":"https:\/\/agora.xtec.cat\/iesvinyet\/wp-json\/wp\/v2\/posts"}],"about":[{"href":"https:\/\/agora.xtec.cat\/iesvinyet\/wp-json\/wp\/v2\/types\/post"}],"author":[{"embeddable":true,"href":"https:\/\/agora.xtec.cat\/iesvinyet\/wp-json\/wp\/v2\/users\/176"}],"replies":[{"embeddable":true,"href":"https:\/\/agora.xtec.cat\/iesvinyet\/wp-json\/wp\/v2\/comments?post=2893"}],"version-history":[{"count":1,"href":"https:\/\/agora.xtec.cat\/iesvinyet\/wp-json\/wp\/v2\/posts\/2893\/revisions"}],"predecessor-version":[{"id":2895,"href":"https:\/\/agora.xtec.cat\/iesvinyet\/wp-json\/wp\/v2\/posts\/2893\/revisions\/2895"}],"wp:attachment":[{"href":"https:\/\/agora.xtec.cat\/iesvinyet\/wp-json\/wp\/v2\/media?parent=2893"}],"wp:term":[{"taxonomy":"category","embeddable":true,"href":"https:\/\/agora.xtec.cat\/iesvinyet\/wp-json\/wp\/v2\/categories?post=2893"},{"taxonomy":"post_tag","embeddable":true,"href":"https:\/\/agora.xtec.cat\/iesvinyet\/wp-json\/wp\/v2\/tags?post=2893"}],"curies":[{"name":"wp","href":"https:\/\/api.w.org\/{rel}","templated":true}]}}