{"id":2783,"date":"2021-10-02T11:11:40","date_gmt":"2021-10-02T09:11:40","guid":{"rendered":"https:\/\/agora.xtec.cat\/iesvinyet\/?p=2783"},"modified":"2021-10-02T11:11:40","modified_gmt":"2021-10-02T09:11:40","slug":"reunions-inici-de-curs-2","status":"publish","type":"post","link":"https:\/\/agora.xtec.cat\/iesvinyet\/general\/reunions-inici-de-curs-2\/","title":{"rendered":"REUNIONS INICI DE CURS"},"content":{"rendered":"<p><a href=\"https:\/\/agora.xtec.cat\/iesvinyet\/wp-content\/uploads\/usu987\/2021\/10\/INSTITUT-VINYET.jpg\"><img loading=\"lazy\" decoding=\"async\" class=\"alignnone size-large wp-image-2784\" src=\"https:\/\/agora.xtec.cat\/iesvinyet\/wp-content\/uploads\/usu987\/2021\/10\/INSTITUT-VINYET-724x1024.jpg\" alt=\"\" width=\"724\" height=\"1024\" srcset=\"https:\/\/agora.xtec.cat\/iesvinyet\/wp-content\/uploads\/usu987\/2021\/10\/INSTITUT-VINYET-724x1024.jpg 724w, https:\/\/agora.xtec.cat\/iesvinyet\/wp-content\/uploads\/usu987\/2021\/10\/INSTITUT-VINYET-212x300.jpg 212w, https:\/\/agora.xtec.cat\/iesvinyet\/wp-content\/uploads\/usu987\/2021\/10\/INSTITUT-VINYET-768x1086.jpg 768w, https:\/\/agora.xtec.cat\/iesvinyet\/wp-content\/uploads\/usu987\/2021\/10\/INSTITUT-VINYET-1086x1536.jpg 1086w, https:\/\/agora.xtec.cat\/iesvinyet\/wp-content\/uploads\/usu987\/2021\/10\/INSTITUT-VINYET-1448x2048.jpg 1448w, https:\/\/agora.xtec.cat\/iesvinyet\/wp-content\/uploads\/usu987\/2021\/10\/INSTITUT-VINYET.jpg 1587w\" sizes=\"auto, (max-width: 724px) 100vw, 724px\" \/><\/a><\/p>\n<p>Del 4 al 7 d&#8217;octubre, farem de manera <strong>telem\u00e0tica<\/strong>\u00a0les <strong>reunions d&#8217;inici de curs per 2n, 3r i 4t d&#8217;ESO i Batxillerat.<\/strong> \u00c9s la primera presa de contacte de les fam\u00edlies amb els Equips Docents, les Coordinacions de nivell i els Tutors de seguiment dels vostres fills i filles. Volem compartir amb vosaltres el calendari del curs, les activitats planificades, el Pla d&#8217;Acci\u00f3 Tutorial, les novetats i la informaci\u00f3 m\u00e9s rellevant i resoldre tots els dubtes i inquietuds que tingueu, per tal que el curs comenci i acabi de la millor manera. \u00c9s per aix\u00f2 que <strong>us esperem a tots darrere les pantalles!<\/strong><\/p>\n<p>Rebreu l&#8217;enlla\u00e7 al <em>Google Meet<\/em> abans de l&#8217;inici de la reuni\u00f3 al correu corporatiu de cadascuna de les fam\u00edlies. <em><strong>Ens connectem?<\/strong><\/em><\/p>\n","protected":false},"excerpt":{"rendered":"<p><a href=\"https:\/\/agora.xtec.cat\/iesvinyet\/wp-content\/uploads\/usu987\/2021\/10\/INSTITUT-VINYET.jpg\"><\/a><br \/>\nDel 4 al 7 d&#8217;octubre, farem de manera telem\u00e0tica\u00a0les reunions d&#8217;inici de curs per 2n, 3r i 4t d&#8217;ESO i Batxillerat. \u00c9s la primera presa de contacte de les fam\u00edlies amb els Equips Docents, les Coordinacions de nivell i els Tutors de seguiment dels&hellip;  <a href=\"https:\/\/agora.xtec.cat\/iesvinyet\/general\/reunions-inici-de-curs-2\/\" title=\"Read REUNIONS INICI DE CURS\">Llegeix m\u00e9s\u00bb<\/a><\/p>\n","protected":false},"author":176,"featured_media":0,"comment_status":"open","ping_status":"closed","sticky":false,"template":"","format":"standard","meta":{"_bbp_topic_count":0,"_bbp_reply_count":0,"_bbp_total_topic_count":0,"_bbp_total_reply_count":0,"_bbp_voice_count":0,"_bbp_anonymous_reply_count":0,"_bbp_topic_count_hidden":0,"_bbp_reply_count_hidden":0,"_bbp_forum_subforum_count":0,"footnotes":""},"categories":[1,29],"tags":[],"class_list":["post-2783","post","type-post","status-publish","format-standard","hentry","category-general","category-portada"],"post_mailing_queue_ids":[],"_links":{"self":[{"href":"https:\/\/agora.xtec.cat\/iesvinyet\/wp-json\/wp\/v2\/posts\/2783","targetHints":{"allow":["GET"]}}],"collection":[{"href":"https:\/\/agora.xtec.cat\/iesvinyet\/wp-json\/wp\/v2\/posts"}],"about":[{"href":"https:\/\/agora.xtec.cat\/iesvinyet\/wp-json\/wp\/v2\/types\/post"}],"author":[{"embeddable":true,"href":"https:\/\/agora.xtec.cat\/iesvinyet\/wp-json\/wp\/v2\/users\/176"}],"replies":[{"embeddable":true,"href":"https:\/\/agora.xtec.cat\/iesvinyet\/wp-json\/wp\/v2\/comments?post=2783"}],"version-history":[{"count":1,"href":"https:\/\/agora.xtec.cat\/iesvinyet\/wp-json\/wp\/v2\/posts\/2783\/revisions"}],"predecessor-version":[{"id":2785,"href":"https:\/\/agora.xtec.cat\/iesvinyet\/wp-json\/wp\/v2\/posts\/2783\/revisions\/2785"}],"wp:attachment":[{"href":"https:\/\/agora.xtec.cat\/iesvinyet\/wp-json\/wp\/v2\/media?parent=2783"}],"wp:term":[{"taxonomy":"category","embeddable":true,"href":"https:\/\/agora.xtec.cat\/iesvinyet\/wp-json\/wp\/v2\/categories?post=2783"},{"taxonomy":"post_tag","embeddable":true,"href":"https:\/\/agora.xtec.cat\/iesvinyet\/wp-json\/wp\/v2\/tags?post=2783"}],"curies":[{"name":"wp","href":"https:\/\/api.w.org\/{rel}","templated":true}]}}