{"id":2774,"date":"2021-07-27T19:10:26","date_gmt":"2021-07-27T17:10:26","guid":{"rendered":"https:\/\/agora.xtec.cat\/iesvinyet\/?p=2774"},"modified":"2021-07-27T19:12:23","modified_gmt":"2021-07-27T17:12:23","slug":"calendari-proves-extraordinaries-1r-bat","status":"publish","type":"post","link":"https:\/\/agora.xtec.cat\/iesvinyet\/general\/calendari-proves-extraordinaries-1r-bat\/","title":{"rendered":"CALENDARI PROVES EXTRAORDIN\u00c0RIES 1r BAT"},"content":{"rendered":"<p>Adjuntem el calendari de proves extraordin\u00e0ries de recuperaci\u00f3 de setembre per a l&#8217;alumnat de 1r de Batxillerat que t\u00e9 pendent mat\u00e8ries en l&#8217;avaluaci\u00f3 ordin\u00e0ria.<\/p>\n<p><a href=\"https:\/\/agora.xtec.cat\/iesvinyet\/wp-content\/uploads\/usu987\/2021\/07\/2021-EXAMENS-SETEMBRE.pdf\">2021-EXAMENS SETEMBRE<\/a><\/p>\n","protected":false},"excerpt":{"rendered":"<p>Adjuntem el calendari de proves extraordin\u00e0ries de recuperaci\u00f3 de setembre per a l&#8217;alumnat de 1r de Batxillerat que t\u00e9 pendent mat\u00e8ries en l&#8217;avaluaci\u00f3 ordin\u00e0ria.<br \/>\n<a href=\"https:\/\/agora.xtec.cat\/iesvinyet\/wp-content\/uploads\/usu987\/2021\/07\/2021-EXAMENS-SETEMBRE.pdf\">2021-EXAMENS SETEMBRE<\/a><\/p>\n","protected":false},"author":176,"featured_media":0,"comment_status":"open","ping_status":"closed","sticky":false,"template":"","format":"standard","meta":{"_bbp_topic_count":0,"_bbp_reply_count":0,"_bbp_total_topic_count":0,"_bbp_total_reply_count":0,"_bbp_voice_count":0,"_bbp_anonymous_reply_count":0,"_bbp_topic_count_hidden":0,"_bbp_reply_count_hidden":0,"_bbp_forum_subforum_count":0,"footnotes":""},"categories":[8,1,29],"tags":[],"class_list":["post-2774","post","type-post","status-publish","format-standard","hentry","category-batxillerat","category-general","category-portada"],"post_mailing_queue_ids":[],"_links":{"self":[{"href":"https:\/\/agora.xtec.cat\/iesvinyet\/wp-json\/wp\/v2\/posts\/2774","targetHints":{"allow":["GET"]}}],"collection":[{"href":"https:\/\/agora.xtec.cat\/iesvinyet\/wp-json\/wp\/v2\/posts"}],"about":[{"href":"https:\/\/agora.xtec.cat\/iesvinyet\/wp-json\/wp\/v2\/types\/post"}],"author":[{"embeddable":true,"href":"https:\/\/agora.xtec.cat\/iesvinyet\/wp-json\/wp\/v2\/users\/176"}],"replies":[{"embeddable":true,"href":"https:\/\/agora.xtec.cat\/iesvinyet\/wp-json\/wp\/v2\/comments?post=2774"}],"version-history":[{"count":2,"href":"https:\/\/agora.xtec.cat\/iesvinyet\/wp-json\/wp\/v2\/posts\/2774\/revisions"}],"predecessor-version":[{"id":2778,"href":"https:\/\/agora.xtec.cat\/iesvinyet\/wp-json\/wp\/v2\/posts\/2774\/revisions\/2778"}],"wp:attachment":[{"href":"https:\/\/agora.xtec.cat\/iesvinyet\/wp-json\/wp\/v2\/media?parent=2774"}],"wp:term":[{"taxonomy":"category","embeddable":true,"href":"https:\/\/agora.xtec.cat\/iesvinyet\/wp-json\/wp\/v2\/categories?post=2774"},{"taxonomy":"post_tag","embeddable":true,"href":"https:\/\/agora.xtec.cat\/iesvinyet\/wp-json\/wp\/v2\/tags?post=2774"}],"curies":[{"name":"wp","href":"https:\/\/api.w.org\/{rel}","templated":true}]}}