{"id":2767,"date":"2021-07-19T13:59:59","date_gmt":"2021-07-19T11:59:59","guid":{"rendered":"http:\/\/agora.xtec.cat\/iesvinyet\/?p=2767"},"modified":"2021-07-19T14:38:51","modified_gmt":"2021-07-19T12:38:51","slug":"alumnat-i-families-de-1r-deso-benvinguts","status":"publish","type":"post","link":"https:\/\/agora.xtec.cat\/iesvinyet\/general\/alumnat-i-families-de-1r-deso-benvinguts\/","title":{"rendered":"Alumnat i fam\u00edlies de 1r d&#8217;ESO: BENVINGUTS!"},"content":{"rendered":"<p>Al nou alumnat i a les noves fam\u00edlies, us donem la benvinguda a l&#8217;Institut Vinyet.<\/p>\n<p>Esperem que el curs 2021-2022 ens sigui propici i que, junts, puguem desenvolupar aquesta tasca compartida que exercim: acompanyar, formar, educar i promoure el desenvolupament acad\u00e8mic, social i personal de tots els nois i noies que s&#8217;incorporen al centre.<\/p>\n<p>Us deixem diversa <strong>INFORMACI\u00d3 D&#8217;INTER\u00c8S<\/strong>, sobre <b>llibres<\/b>, material pedag\u00f2gic, correu corporatiu, plataforma pagament TPV ESCOLA, transport, servei de menjador, primer dia de curs i reuni\u00f3 d&#8217;inici de curs amb les fam\u00edlies.<\/p>\n<p><strong> <a style=\"color: #2795b6;\" href=\"https:\/\/agora.xtec.cat\/iesvinyet\/wp-content\/uploads\/usu987\/2021\/07\/2122-1ESO-INFORMACI\u00d3-CURS.pdf\">2122-1ESO-INFORMACI\u00d3 CURS<\/a><\/strong><\/p>\n<p>Recordeu que fins el 31 de juliol podeu contactar amb nosaltres per correu electr\u00f2nic a l&#8217;adre\u00e7a del centre: <strong>a8061014@xtec.cat<\/strong><\/p>\n<p>Bon estiu i bon inici de curs 2021-2022!<\/p>\n","protected":false},"excerpt":{"rendered":"<p>Al nou alumnat i a les noves fam\u00edlies, us donem la benvinguda a l&#8217;Institut Vinyet.<br \/>\nEsperem que el curs 2021-2022 ens sigui propici i que, junts, puguem desenvolupar aquesta tasca compartida que exercim: acompanyar, formar, educar i promoure el desenvolupament acad\u00e8mic, social i personal de tots&hellip;  <a href=\"https:\/\/agora.xtec.cat\/iesvinyet\/general\/alumnat-i-families-de-1r-deso-benvinguts\/\" title=\"Read Alumnat i fam\u00edlies de 1r d&#8217;ESO: BENVINGUTS!\">Llegeix m\u00e9s\u00bb<\/a><\/p>\n","protected":false},"author":176,"featured_media":0,"comment_status":"open","ping_status":"closed","sticky":false,"template":"","format":"standard","meta":{"_bbp_topic_count":0,"_bbp_reply_count":0,"_bbp_total_topic_count":0,"_bbp_total_reply_count":0,"_bbp_voice_count":0,"_bbp_anonymous_reply_count":0,"_bbp_topic_count_hidden":0,"_bbp_reply_count_hidden":0,"_bbp_forum_subforum_count":0,"footnotes":""},"categories":[3,1,29],"tags":[],"class_list":["post-2767","post","type-post","status-publish","format-standard","hentry","category-eso","category-general","category-portada"],"post_mailing_queue_ids":[],"_links":{"self":[{"href":"https:\/\/agora.xtec.cat\/iesvinyet\/wp-json\/wp\/v2\/posts\/2767","targetHints":{"allow":["GET"]}}],"collection":[{"href":"https:\/\/agora.xtec.cat\/iesvinyet\/wp-json\/wp\/v2\/posts"}],"about":[{"href":"https:\/\/agora.xtec.cat\/iesvinyet\/wp-json\/wp\/v2\/types\/post"}],"author":[{"embeddable":true,"href":"https:\/\/agora.xtec.cat\/iesvinyet\/wp-json\/wp\/v2\/users\/176"}],"replies":[{"embeddable":true,"href":"https:\/\/agora.xtec.cat\/iesvinyet\/wp-json\/wp\/v2\/comments?post=2767"}],"version-history":[{"count":2,"href":"https:\/\/agora.xtec.cat\/iesvinyet\/wp-json\/wp\/v2\/posts\/2767\/revisions"}],"predecessor-version":[{"id":2773,"href":"https:\/\/agora.xtec.cat\/iesvinyet\/wp-json\/wp\/v2\/posts\/2767\/revisions\/2773"}],"wp:attachment":[{"href":"https:\/\/agora.xtec.cat\/iesvinyet\/wp-json\/wp\/v2\/media?parent=2767"}],"wp:term":[{"taxonomy":"category","embeddable":true,"href":"https:\/\/agora.xtec.cat\/iesvinyet\/wp-json\/wp\/v2\/categories?post=2767"},{"taxonomy":"post_tag","embeddable":true,"href":"https:\/\/agora.xtec.cat\/iesvinyet\/wp-json\/wp\/v2\/tags?post=2767"}],"curies":[{"name":"wp","href":"https:\/\/api.w.org\/{rel}","templated":true}]}}