{"id":2694,"date":"2021-04-19T13:42:44","date_gmt":"2021-04-19T11:42:44","guid":{"rendered":"http:\/\/agora.xtec.cat\/iesvinyet\/?p=2694"},"modified":"2021-04-19T13:43:22","modified_gmt":"2021-04-19T11:43:22","slug":"preinscripcio-eso-publicacio-barem-provisional-2","status":"publish","type":"post","link":"https:\/\/agora.xtec.cat\/iesvinyet\/portada\/preinscripcio-eso-publicacio-barem-provisional-2\/","title":{"rendered":"PREINSCRIPCI\u00d3 ESO: Publicaci\u00f3 barem provisional."},"content":{"rendered":"<h4>PREINSCRIPCI\u00d3 ESO: Publicaci\u00f3 barem provisional.<\/h4>\n<div>Podeu consultar el barem provisional a l&#8217;arxiu seg\u00fcent: <a href=\"https:\/\/agora.xtec.cat\/iesvinyet\/wp-content\/uploads\/usu987\/2021\/04\/Llistat-provisional-de-preisncripcions.pdf\" target=\"_blank\" rel=\"noopener noreferrer\">Llistat provisional de preinscripcions<\/a><\/div>\n<div><\/div>\n<div><\/div>\n<div>Per\u00edode de reclamacions al barem provisional: Del 20 al 26 d&#8217;abril al <a href=\"https:\/\/preinscripcio.gencat.cat\/ca\/estudis\/eso\/preinscriute\/seguiment-sollicitud\/llista-sollicituds\/\" target=\"_blank\" rel=\"noopener noreferrer\">portal de preinscripcions<\/a> de la Generalitat de Catalunya<\/div>\n","protected":false},"excerpt":{"rendered":"<p>PREINSCRIPCI\u00d3 ESO: Publicaci\u00f3 barem provisional.<br \/>\nPodeu consultar el barem provisional a l&#8217;arxiu seg\u00fcent: <a href=\"https:\/\/agora.xtec.cat\/iesvinyet\/wp-content\/uploads\/usu987\/2021\/04\/Llistat-provisional-de-preisncripcions.pdf\" target=\"_blank\" rel=\"noopener noreferrer\">Llistat provisional de preinscripcions<\/a><\/p>\n<p>Per\u00edode de reclamacions al barem provisional: Del 20 al 26 d&#8217;abril al <a href=\"https:\/\/preinscripcio.gencat.cat\/ca\/estudis\/eso\/preinscriute\/seguiment-sollicitud\/llista-sollicituds\/\" target=\"_blank\" rel=\"noopener noreferrer\">portal de preinscripcions<\/a> de la Generalitat de Catalunya<\/p>\n","protected":false},"author":17,"featured_media":0,"comment_status":"closed","ping_status":"closed","sticky":false,"template":"","format":"standard","meta":{"_bbp_topic_count":0,"_bbp_reply_count":0,"_bbp_total_topic_count":0,"_bbp_total_reply_count":0,"_bbp_voice_count":0,"_bbp_anonymous_reply_count":0,"_bbp_topic_count_hidden":0,"_bbp_reply_count_hidden":0,"_bbp_forum_subforum_count":0,"footnotes":""},"categories":[127,29],"tags":[],"class_list":["post-2694","post","type-post","status-publish","format-standard","hentry","category-avisos","category-portada"],"post_mailing_queue_ids":[],"_links":{"self":[{"href":"https:\/\/agora.xtec.cat\/iesvinyet\/wp-json\/wp\/v2\/posts\/2694","targetHints":{"allow":["GET"]}}],"collection":[{"href":"https:\/\/agora.xtec.cat\/iesvinyet\/wp-json\/wp\/v2\/posts"}],"about":[{"href":"https:\/\/agora.xtec.cat\/iesvinyet\/wp-json\/wp\/v2\/types\/post"}],"author":[{"embeddable":true,"href":"https:\/\/agora.xtec.cat\/iesvinyet\/wp-json\/wp\/v2\/users\/17"}],"replies":[{"embeddable":true,"href":"https:\/\/agora.xtec.cat\/iesvinyet\/wp-json\/wp\/v2\/comments?post=2694"}],"version-history":[{"count":3,"href":"https:\/\/agora.xtec.cat\/iesvinyet\/wp-json\/wp\/v2\/posts\/2694\/revisions"}],"predecessor-version":[{"id":2700,"href":"https:\/\/agora.xtec.cat\/iesvinyet\/wp-json\/wp\/v2\/posts\/2694\/revisions\/2700"}],"wp:attachment":[{"href":"https:\/\/agora.xtec.cat\/iesvinyet\/wp-json\/wp\/v2\/media?parent=2694"}],"wp:term":[{"taxonomy":"category","embeddable":true,"href":"https:\/\/agora.xtec.cat\/iesvinyet\/wp-json\/wp\/v2\/categories?post=2694"},{"taxonomy":"post_tag","embeddable":true,"href":"https:\/\/agora.xtec.cat\/iesvinyet\/wp-json\/wp\/v2\/tags?post=2694"}],"curies":[{"name":"wp","href":"https:\/\/api.w.org\/{rel}","templated":true}]}}