{"id":2676,"date":"2020-12-21T09:57:32","date_gmt":"2020-12-21T08:57:32","guid":{"rendered":"http:\/\/agora.xtec.cat\/iesvinyet\/?p=2676"},"modified":"2020-12-21T09:57:32","modified_gmt":"2020-12-21T08:57:32","slug":"el-vinyet-amb-la-marato","status":"publish","type":"post","link":"https:\/\/agora.xtec.cat\/iesvinyet\/general\/el-vinyet-amb-la-marato\/","title":{"rendered":"EL VINYET AMB LA MARAT\u00d3!"},"content":{"rendered":"<p>Un curs m\u00e9s, i ja en s\u00f3n molts, l&#8217;Institut Vinyet col\u00b7labora amb <strong>La Marat\u00f3 de TV3<\/strong> i hi suma el seu granet de sorra.<\/p>\n<p>Enguany, des de les mat\u00e8ries de <strong>M\u00fasica<\/strong> i <strong>Educaci\u00f3 F\u00edsica<\/strong>, tot l&#8217;alumnat d&#8217;ESO del centre ha fet possible una gran posada en escena, en qu\u00e8 a trav\u00e9s de la percussi\u00f3 corporal i d&#8217;una coreografia que evidencia com d&#8217;important \u00e9s actuar coordinadament tots alhora, han sumat esfor\u00e7os per <strong>&#8220;Eliminar el virus&#8221;<\/strong>.<\/p>\n<p><strong>Gr\u00e0cies<\/strong> a tots els que ho heu fet possible!<\/p>\n<p><a href=\"https:\/\/agora.xtec.cat\/iesvinyet\/wp-content\/uploads\/usu987\/2020\/12\/Eliminem-el-virus.png\"><img loading=\"lazy\" decoding=\"async\" class=\"alignnone size-full wp-image-2677\" src=\"https:\/\/agora.xtec.cat\/iesvinyet\/wp-content\/uploads\/usu987\/2020\/12\/Eliminem-el-virus.png\" alt=\"\" width=\"405\" height=\"191\" srcset=\"https:\/\/agora.xtec.cat\/iesvinyet\/wp-content\/uploads\/usu987\/2020\/12\/Eliminem-el-virus.png 405w, https:\/\/agora.xtec.cat\/iesvinyet\/wp-content\/uploads\/usu987\/2020\/12\/Eliminem-el-virus-300x141.png 300w\" sizes=\"auto, (max-width: 405px) 100vw, 405px\" \/><\/a><\/p>\n","protected":false},"excerpt":{"rendered":"<p>Un curs m\u00e9s, i ja en s\u00f3n molts, l&#8217;Institut Vinyet col\u00b7labora amb La Marat\u00f3 de TV3 i hi suma el seu granet de sorra.<br \/>\nEnguany, des de les mat\u00e8ries de M\u00fasica i Educaci\u00f3 F\u00edsica, tot l&#8217;alumnat d&#8217;ESO del centre ha fet possible una gran posada en&hellip;  <a href=\"https:\/\/agora.xtec.cat\/iesvinyet\/general\/el-vinyet-amb-la-marato\/\" title=\"Read EL VINYET AMB LA MARAT\u00d3!\">Llegeix m\u00e9s\u00bb<\/a><\/p>\n","protected":false},"author":176,"featured_media":0,"comment_status":"open","ping_status":"closed","sticky":false,"template":"","format":"standard","meta":{"_bbp_topic_count":0,"_bbp_reply_count":0,"_bbp_total_topic_count":0,"_bbp_total_reply_count":0,"_bbp_voice_count":0,"_bbp_anonymous_reply_count":0,"_bbp_topic_count_hidden":0,"_bbp_reply_count_hidden":0,"_bbp_forum_subforum_count":0,"footnotes":""},"categories":[1,163,29],"tags":[],"class_list":["post-2676","post","type-post","status-publish","format-standard","hentry","category-general","category-la-vida-al-centre","category-portada"],"post_mailing_queue_ids":[],"_links":{"self":[{"href":"https:\/\/agora.xtec.cat\/iesvinyet\/wp-json\/wp\/v2\/posts\/2676","targetHints":{"allow":["GET"]}}],"collection":[{"href":"https:\/\/agora.xtec.cat\/iesvinyet\/wp-json\/wp\/v2\/posts"}],"about":[{"href":"https:\/\/agora.xtec.cat\/iesvinyet\/wp-json\/wp\/v2\/types\/post"}],"author":[{"embeddable":true,"href":"https:\/\/agora.xtec.cat\/iesvinyet\/wp-json\/wp\/v2\/users\/176"}],"replies":[{"embeddable":true,"href":"https:\/\/agora.xtec.cat\/iesvinyet\/wp-json\/wp\/v2\/comments?post=2676"}],"version-history":[{"count":1,"href":"https:\/\/agora.xtec.cat\/iesvinyet\/wp-json\/wp\/v2\/posts\/2676\/revisions"}],"predecessor-version":[{"id":2678,"href":"https:\/\/agora.xtec.cat\/iesvinyet\/wp-json\/wp\/v2\/posts\/2676\/revisions\/2678"}],"wp:attachment":[{"href":"https:\/\/agora.xtec.cat\/iesvinyet\/wp-json\/wp\/v2\/media?parent=2676"}],"wp:term":[{"taxonomy":"category","embeddable":true,"href":"https:\/\/agora.xtec.cat\/iesvinyet\/wp-json\/wp\/v2\/categories?post=2676"},{"taxonomy":"post_tag","embeddable":true,"href":"https:\/\/agora.xtec.cat\/iesvinyet\/wp-json\/wp\/v2\/tags?post=2676"}],"curies":[{"name":"wp","href":"https:\/\/api.w.org\/{rel}","templated":true}]}}