{"id":2669,"date":"2020-09-30T12:27:13","date_gmt":"2020-09-30T10:27:13","guid":{"rendered":"http:\/\/agora.xtec.cat\/iesvinyet\/?p=2669"},"modified":"2020-09-30T12:27:13","modified_gmt":"2020-09-30T10:27:13","slug":"reunions-inici-de-curs","status":"publish","type":"post","link":"https:\/\/agora.xtec.cat\/iesvinyet\/general\/reunions-inici-de-curs\/","title":{"rendered":"REUNIONS INICI DE CURS"},"content":{"rendered":"<p>Benvolgudes fam\u00edlies,<\/p>\n<p>la setmana que ve farem, de manera <strong>telem\u00e0tica<\/strong>, les <strong>reunions d&#8217;inici de curs per a tots els nivells d&#8217;ESO i Batxillerat.<\/strong> \u00c9s la primera presa de contacte de les fam\u00edlies amb els Equips Docents, les Coordinacions de nivell i els Tutors de seguiment dels vostres fills i filles. Volem compartir amb vosaltres el calendari del curs, les activitats planificades, el Pla d&#8217;Acci\u00f3 tutorial i les novetats i informacions m\u00e9s rellevants, per tal que el curs comenci i acabi de la millor manera. \u00c9s per aix\u00f2 que <strong>us esperem a tots darrere les pantalles<\/strong>.<\/p>\n<p>Rebreu l&#8217;<strong>enlla\u00e7 a la reuni\u00f3 al correu corporatiu de fam\u00edlia<\/strong> uns minuts abans de l&#8217;inici de les reunions.<\/p>\n<p>Us hi esperem!<\/p>\n<p>&nbsp;<\/p>\n<p><a href=\"https:\/\/agora.xtec.cat\/iesvinyet\/wp-content\/uploads\/usu987\/2020\/09\/Reunions-inici-de-curs-1.jpg\"><img loading=\"lazy\" decoding=\"async\" class=\"alignnone size-large wp-image-2670\" src=\"https:\/\/agora.xtec.cat\/iesvinyet\/wp-content\/uploads\/usu987\/2020\/09\/Reunions-inici-de-curs-1-1024x768.jpg\" alt=\"\" width=\"1024\" height=\"768\" srcset=\"https:\/\/agora.xtec.cat\/iesvinyet\/wp-content\/uploads\/usu987\/2020\/09\/Reunions-inici-de-curs-1-1024x768.jpg 1024w, https:\/\/agora.xtec.cat\/iesvinyet\/wp-content\/uploads\/usu987\/2020\/09\/Reunions-inici-de-curs-1-300x225.jpg 300w, https:\/\/agora.xtec.cat\/iesvinyet\/wp-content\/uploads\/usu987\/2020\/09\/Reunions-inici-de-curs-1-768x576.jpg 768w, https:\/\/agora.xtec.cat\/iesvinyet\/wp-content\/uploads\/usu987\/2020\/09\/Reunions-inici-de-curs-1-200x150.jpg 200w\" sizes=\"auto, (max-width: 1024px) 100vw, 1024px\" \/><\/a><\/p>\n","protected":false},"excerpt":{"rendered":"<p>Benvolgudes fam\u00edlies,<br \/>\nla setmana que ve farem, de manera telem\u00e0tica, les reunions d&#8217;inici de curs per a tots els nivells d&#8217;ESO i Batxillerat. \u00c9s la primera presa de contacte de les fam\u00edlies amb els Equips Docents, les Coordinacions de nivell i els Tutors de seguiment dels&hellip;  <a href=\"https:\/\/agora.xtec.cat\/iesvinyet\/general\/reunions-inici-de-curs\/\" title=\"Read REUNIONS INICI DE CURS\">Llegeix m\u00e9s\u00bb<\/a><\/p>\n","protected":false},"author":176,"featured_media":0,"comment_status":"open","ping_status":"closed","sticky":false,"template":"","format":"standard","meta":{"_bbp_topic_count":0,"_bbp_reply_count":0,"_bbp_total_topic_count":0,"_bbp_total_reply_count":0,"_bbp_voice_count":0,"_bbp_anonymous_reply_count":0,"_bbp_topic_count_hidden":0,"_bbp_reply_count_hidden":0,"_bbp_forum_subforum_count":0,"footnotes":""},"categories":[1,29],"tags":[],"class_list":["post-2669","post","type-post","status-publish","format-standard","hentry","category-general","category-portada"],"post_mailing_queue_ids":[],"_links":{"self":[{"href":"https:\/\/agora.xtec.cat\/iesvinyet\/wp-json\/wp\/v2\/posts\/2669","targetHints":{"allow":["GET"]}}],"collection":[{"href":"https:\/\/agora.xtec.cat\/iesvinyet\/wp-json\/wp\/v2\/posts"}],"about":[{"href":"https:\/\/agora.xtec.cat\/iesvinyet\/wp-json\/wp\/v2\/types\/post"}],"author":[{"embeddable":true,"href":"https:\/\/agora.xtec.cat\/iesvinyet\/wp-json\/wp\/v2\/users\/176"}],"replies":[{"embeddable":true,"href":"https:\/\/agora.xtec.cat\/iesvinyet\/wp-json\/wp\/v2\/comments?post=2669"}],"version-history":[{"count":1,"href":"https:\/\/agora.xtec.cat\/iesvinyet\/wp-json\/wp\/v2\/posts\/2669\/revisions"}],"predecessor-version":[{"id":2671,"href":"https:\/\/agora.xtec.cat\/iesvinyet\/wp-json\/wp\/v2\/posts\/2669\/revisions\/2671"}],"wp:attachment":[{"href":"https:\/\/agora.xtec.cat\/iesvinyet\/wp-json\/wp\/v2\/media?parent=2669"}],"wp:term":[{"taxonomy":"category","embeddable":true,"href":"https:\/\/agora.xtec.cat\/iesvinyet\/wp-json\/wp\/v2\/categories?post=2669"},{"taxonomy":"post_tag","embeddable":true,"href":"https:\/\/agora.xtec.cat\/iesvinyet\/wp-json\/wp\/v2\/tags?post=2669"}],"curies":[{"name":"wp","href":"https:\/\/api.w.org\/{rel}","templated":true}]}}