{"id":2642,"date":"2020-09-06T18:10:01","date_gmt":"2020-09-06T16:10:01","guid":{"rendered":"http:\/\/agora.xtec.cat\/iesvinyet\/?p=2642"},"modified":"2020-09-07T11:17:33","modified_gmt":"2020-09-07T09:17:33","slug":"pla-dobertura","status":"publish","type":"post","link":"https:\/\/agora.xtec.cat\/iesvinyet\/general\/pla-dobertura\/","title":{"rendered":"PLA D&#8217;OBERTURA"},"content":{"rendered":"<p>El proper dimecres, <strong>9\u00a0de setembre<\/strong>, farem telem\u00e0ticament, a trav\u00e9s de <strong>Google Meet<\/strong>, reunions informatives per explicar-vos els aspectes generals del <strong>Pla d&#8217;Obertura<\/strong> per aquest nou curs. Rebreu al correu corporatiu l&#8217;enlla\u00e7 per accedir a la reuni\u00f3 virtual. <a href=\"https:\/\/agora.xtec.cat\/iesvinyet\/wp-content\/uploads\/usu987\/2020\/09\/Reunions-informatives.jpg\"><img loading=\"lazy\" decoding=\"async\" class=\"size-medium wp-image-2644 aligncenter\" src=\"https:\/\/agora.xtec.cat\/iesvinyet\/wp-content\/uploads\/usu987\/2020\/09\/Reunions-informatives-214x300.jpg\" alt=\"\" width=\"214\" height=\"300\" srcset=\"https:\/\/agora.xtec.cat\/iesvinyet\/wp-content\/uploads\/usu987\/2020\/09\/Reunions-informatives-214x300.jpg 214w, https:\/\/agora.xtec.cat\/iesvinyet\/wp-content\/uploads\/usu987\/2020\/09\/Reunions-informatives-768x1076.jpg 768w, https:\/\/agora.xtec.cat\/iesvinyet\/wp-content\/uploads\/usu987\/2020\/09\/Reunions-informatives-731x1024.jpg 731w, https:\/\/agora.xtec.cat\/iesvinyet\/wp-content\/uploads\/usu987\/2020\/09\/Reunions-informatives.jpg 1428w\" sizes=\"auto, (max-width: 214px) 100vw, 214px\" \/><\/a><\/p>\n<p>Aquelles fam\u00edlies que no pugueu connectar-vos a la reuni\u00f3, podreu consultar el Pla a la p\u00e0gina web a partir de dijous 10.<\/p>\n<p>Fins ben aviat!<\/p>\n<p>&nbsp;<\/p>\n","protected":false},"excerpt":{"rendered":"<p>El proper dimecres, 9\u00a0de setembre, farem telem\u00e0ticament, a trav\u00e9s de Google Meet, reunions informatives per explicar-vos els aspectes generals del Pla d&#8217;Obertura per aquest nou curs. Rebreu al correu corporatiu l&#8217;enlla\u00e7 per accedir a la reuni\u00f3 virtual. <a href=\"https:\/\/agora.xtec.cat\/iesvinyet\/wp-content\/uploads\/usu987\/2020\/09\/Reunions-informatives.jpg\"><\/a><br \/>\nAquelles fam\u00edlies que no pugueu connectar-vos a&hellip;  <a href=\"https:\/\/agora.xtec.cat\/iesvinyet\/general\/pla-dobertura\/\" title=\"Read PLA D&#8217;OBERTURA\">Llegeix m\u00e9s\u00bb<\/a><\/p>\n","protected":false},"author":176,"featured_media":0,"comment_status":"open","ping_status":"closed","sticky":false,"template":"","format":"standard","meta":{"_bbp_topic_count":0,"_bbp_reply_count":0,"_bbp_total_topic_count":0,"_bbp_total_reply_count":0,"_bbp_voice_count":0,"_bbp_anonymous_reply_count":0,"_bbp_topic_count_hidden":0,"_bbp_reply_count_hidden":0,"_bbp_forum_subforum_count":0,"footnotes":""},"categories":[127,1,29],"tags":[],"class_list":["post-2642","post","type-post","status-publish","format-standard","hentry","category-avisos","category-general","category-portada"],"post_mailing_queue_ids":[],"_links":{"self":[{"href":"https:\/\/agora.xtec.cat\/iesvinyet\/wp-json\/wp\/v2\/posts\/2642","targetHints":{"allow":["GET"]}}],"collection":[{"href":"https:\/\/agora.xtec.cat\/iesvinyet\/wp-json\/wp\/v2\/posts"}],"about":[{"href":"https:\/\/agora.xtec.cat\/iesvinyet\/wp-json\/wp\/v2\/types\/post"}],"author":[{"embeddable":true,"href":"https:\/\/agora.xtec.cat\/iesvinyet\/wp-json\/wp\/v2\/users\/176"}],"replies":[{"embeddable":true,"href":"https:\/\/agora.xtec.cat\/iesvinyet\/wp-json\/wp\/v2\/comments?post=2642"}],"version-history":[{"count":2,"href":"https:\/\/agora.xtec.cat\/iesvinyet\/wp-json\/wp\/v2\/posts\/2642\/revisions"}],"predecessor-version":[{"id":2646,"href":"https:\/\/agora.xtec.cat\/iesvinyet\/wp-json\/wp\/v2\/posts\/2642\/revisions\/2646"}],"wp:attachment":[{"href":"https:\/\/agora.xtec.cat\/iesvinyet\/wp-json\/wp\/v2\/media?parent=2642"}],"wp:term":[{"taxonomy":"category","embeddable":true,"href":"https:\/\/agora.xtec.cat\/iesvinyet\/wp-json\/wp\/v2\/categories?post=2642"},{"taxonomy":"post_tag","embeddable":true,"href":"https:\/\/agora.xtec.cat\/iesvinyet\/wp-json\/wp\/v2\/tags?post=2642"}],"curies":[{"name":"wp","href":"https:\/\/api.w.org\/{rel}","templated":true}]}}