{"id":2635,"date":"2020-07-27T16:00:06","date_gmt":"2020-07-27T14:00:06","guid":{"rendered":"http:\/\/agora.xtec.cat\/iesvinyet\/?p=2635"},"modified":"2020-09-10T10:32:01","modified_gmt":"2020-09-10T08:32:01","slug":"enhorabona-2","status":"publish","type":"post","link":"https:\/\/agora.xtec.cat\/iesvinyet\/general\/enhorabona-2\/","title":{"rendered":"ENHORABONA!"},"content":{"rendered":"<h3>Tres alumnes de l&#8217;Institut Vinyet, <span style=\"color: #000080;\"><strong>David D\u00edez<\/strong><\/span>, <span style=\"color: #000080;\"><strong>Lucas Estruch<\/strong><\/span> i <span style=\"color: #000080;\"><strong>Biel Ruscalleda<\/strong><\/span>, han obtingut una <strong>DISTINCI\u00d3 EN LES PROVES D&#8217;ACC\u00c9S A LA UNIVERSITAT<\/strong>, en haver obtingut una mitjana superior al 9 en la fase d&#8217;acc\u00e9s a la Universitat.<\/h3>\n<p>La traject\u00f2ria acad\u00e8mica i personal a l&#8217;Institut de tots tres ha estat brillant al llarg de l\u2019ESO i del Batxillerat, i des del centre els volem tornar a felicitar per l\u2019esfor\u00e7, l\u2019inter\u00e8s i les ganes d\u2019aprendre que han demostrat al llarg d&#8217;aquests sis anys. Han estat alumnes exemplars en molts aspectes i aquests resultats tan alts s\u00f3n fruit de tot un entramat on fam\u00edlies, professors i companys hi tenen molt a veure.<\/p>\n<p><a href=\"https:\/\/agora.xtec.cat\/iesvinyet\/wp-content\/uploads\/usu987\/2020\/07\/IMG_2584.jpg\"><img loading=\"lazy\" decoding=\"async\" class=\"alignnone size-medium wp-image-2637\" src=\"https:\/\/agora.xtec.cat\/iesvinyet\/wp-content\/uploads\/usu987\/2020\/07\/IMG_2584-300x225.jpg\" alt=\"\" width=\"300\" height=\"225\" srcset=\"https:\/\/agora.xtec.cat\/iesvinyet\/wp-content\/uploads\/usu987\/2020\/07\/IMG_2584-300x225.jpg 300w, https:\/\/agora.xtec.cat\/iesvinyet\/wp-content\/uploads\/usu987\/2020\/07\/IMG_2584-768x576.jpg 768w, https:\/\/agora.xtec.cat\/iesvinyet\/wp-content\/uploads\/usu987\/2020\/07\/IMG_2584-1024x768.jpg 1024w, https:\/\/agora.xtec.cat\/iesvinyet\/wp-content\/uploads\/usu987\/2020\/07\/IMG_2584-200x150.jpg 200w, https:\/\/agora.xtec.cat\/iesvinyet\/wp-content\/uploads\/usu987\/2020\/07\/IMG_2584.jpg 2016w\" sizes=\"auto, (max-width: 300px) 100vw, 300px\" \/><\/a><\/p>\n<p>Des de l&#8217;<strong>Institut Vinyet<\/strong>, els tindrem molt presents en el nostre record i els desitgem un <strong>futur ple d\u2019\u00e8xits<\/strong>, tant a nivell personal com a nivell acad\u00e8mic i laboral.<\/p>\n<p><strong>Enhorabona, nois!<\/strong><\/p>\n<p>&nbsp;<\/p>\n","protected":false},"excerpt":{"rendered":"<p>Tres alumnes de l&#8217;Institut Vinyet, David D\u00edez, Lucas Estruch i Biel Ruscalleda, han obtingut una DISTINCI\u00d3 EN LES PROVES D&#8217;ACC\u00c9S A LA UNIVERSITAT, en haver obtingut una mitjana superior al 9 en la fase d&#8217;acc\u00e9s a la Universitat.<br \/>\nLa traject\u00f2ria acad\u00e8mica i personal a l&#8217;Institut de&hellip;  <a href=\"https:\/\/agora.xtec.cat\/iesvinyet\/general\/enhorabona-2\/\" title=\"Read ENHORABONA!\">Llegeix m\u00e9s\u00bb<\/a><\/p>\n","protected":false},"author":176,"featured_media":0,"comment_status":"open","ping_status":"closed","sticky":false,"template":"","format":"standard","meta":{"_bbp_topic_count":0,"_bbp_reply_count":0,"_bbp_total_topic_count":0,"_bbp_total_reply_count":0,"_bbp_voice_count":0,"_bbp_anonymous_reply_count":0,"_bbp_topic_count_hidden":0,"_bbp_reply_count_hidden":0,"_bbp_forum_subforum_count":0,"footnotes":""},"categories":[8,1,29],"tags":[],"class_list":["post-2635","post","type-post","status-publish","format-standard","hentry","category-batxillerat","category-general","category-portada"],"post_mailing_queue_ids":[],"_links":{"self":[{"href":"https:\/\/agora.xtec.cat\/iesvinyet\/wp-json\/wp\/v2\/posts\/2635","targetHints":{"allow":["GET"]}}],"collection":[{"href":"https:\/\/agora.xtec.cat\/iesvinyet\/wp-json\/wp\/v2\/posts"}],"about":[{"href":"https:\/\/agora.xtec.cat\/iesvinyet\/wp-json\/wp\/v2\/types\/post"}],"author":[{"embeddable":true,"href":"https:\/\/agora.xtec.cat\/iesvinyet\/wp-json\/wp\/v2\/users\/176"}],"replies":[{"embeddable":true,"href":"https:\/\/agora.xtec.cat\/iesvinyet\/wp-json\/wp\/v2\/comments?post=2635"}],"version-history":[{"count":1,"href":"https:\/\/agora.xtec.cat\/iesvinyet\/wp-json\/wp\/v2\/posts\/2635\/revisions"}],"predecessor-version":[{"id":2638,"href":"https:\/\/agora.xtec.cat\/iesvinyet\/wp-json\/wp\/v2\/posts\/2635\/revisions\/2638"}],"wp:attachment":[{"href":"https:\/\/agora.xtec.cat\/iesvinyet\/wp-json\/wp\/v2\/media?parent=2635"}],"wp:term":[{"taxonomy":"category","embeddable":true,"href":"https:\/\/agora.xtec.cat\/iesvinyet\/wp-json\/wp\/v2\/categories?post=2635"},{"taxonomy":"post_tag","embeddable":true,"href":"https:\/\/agora.xtec.cat\/iesvinyet\/wp-json\/wp\/v2\/tags?post=2635"}],"curies":[{"name":"wp","href":"https:\/\/api.w.org\/{rel}","templated":true}]}}