{"id":2619,"date":"2020-07-07T14:01:27","date_gmt":"2020-07-07T12:01:27","guid":{"rendered":"http:\/\/agora.xtec.cat\/iesvinyet\/?p=2619"},"modified":"2020-07-15T14:03:01","modified_gmt":"2020-07-15T12:03:01","slug":"llistat-definitiu-assignacions-eso","status":"publish","type":"post","link":"https:\/\/agora.xtec.cat\/iesvinyet\/general\/llistat-definitiu-assignacions-eso\/","title":{"rendered":"LLISTAT DEFINITIU ASSIGNACIONS ESO"},"content":{"rendered":"<p>Avui s&#8217;ha publicat el llistat d&#8217;admesos pel procediment de preinscripci\u00f3 al nostre Institut per al curs 2020-2021 i la llista d&#8217;espera.<\/p>\n<p>Els podeu consultar aqu\u00ed: \u00a0\u00a0<a href=\"https:\/\/agora.xtec.cat\/iesvinyet\/wp-content\/uploads\/usu987\/2020\/07\/INFORME_ASSIGNADES_INFORME_ASSIGNADES.pdf\"><strong>ASSIGNACIONS ESO 2020-2021 \u00a0 \u00a0 \u00a0 \u00a0 \u00a0 \u00a0 \u00a0 \u00a0 \u00a0 \u00a0 \u00a0 <\/strong><\/a><a href=\"https:\/\/agora.xtec.cat\/iesvinyet\/wp-content\/uploads\/usu987\/2020\/07\/INFORME_LLISTA_ESPERA_OME_LLISTA_ESPERA.pdf\">LLISTA D&#8217;ESPERA ESO 2020-2021<\/a><\/p>\n<p>La matr\u00edcula es far\u00e0 de manera presencial, amb cita pr\u00e8via, a la Secretaria de l&#8217;Institut entre els dies <strong>13 i 17 de juliol<\/strong>.<\/p>\n<p>Podeu demanar cita trucant al tel\u00e8fon <strong>658182383<\/strong> i al <strong>938107132<\/strong> en horari de <strong>08.00 a 15.00<\/strong>.<\/p>\n<p>Documentaci\u00f3 necess\u00e0ria per formalitzar la matr\u00edcula: <a href=\"https:\/\/agora.xtec.cat\/iesvinyet\/wp-content\/uploads\/usu987\/2020\/07\/2021-ESO-Informaci\u00f3-matr\u00edcula-4.pdf\">2021-ESO-INFORMACI\u00d3 MATR\u00cdCULA<\/a><\/p>\n","protected":false},"excerpt":{"rendered":"<p>Avui s&#8217;ha publicat el llistat d&#8217;admesos pel procediment de preinscripci\u00f3 al nostre Institut per al curs 2020-2021 i la llista d&#8217;espera.<br \/>\nEls podeu consultar aqu\u00ed: \u00a0\u00a0<a href=\"https:\/\/agora.xtec.cat\/iesvinyet\/wp-content\/uploads\/usu987\/2020\/07\/INFORME_ASSIGNADES_INFORME_ASSIGNADES.pdf\">ASSIGNACIONS ESO 2020-2021 \u00a0 \u00a0 \u00a0 \u00a0 \u00a0 \u00a0 \u00a0 \u00a0 \u00a0 \u00a0 \u00a0 <\/a><a href=\"https:\/\/agora.xtec.cat\/iesvinyet\/wp-content\/uploads\/usu987\/2020\/07\/INFORME_LLISTA_ESPERA_OME_LLISTA_ESPERA.pdf\">LLISTA D&#8217;ESPERA ESO 2020-2021<\/a><br \/>\nLa matr\u00edcula&hellip;  <a href=\"https:\/\/agora.xtec.cat\/iesvinyet\/general\/llistat-definitiu-assignacions-eso\/\" title=\"Read LLISTAT DEFINITIU ASSIGNACIONS ESO\">Llegeix m\u00e9s\u00bb<\/a><\/p>\n","protected":false},"author":176,"featured_media":0,"comment_status":"open","ping_status":"closed","sticky":false,"template":"","format":"standard","meta":{"_bbp_topic_count":0,"_bbp_reply_count":0,"_bbp_total_topic_count":0,"_bbp_total_reply_count":0,"_bbp_voice_count":0,"_bbp_anonymous_reply_count":0,"_bbp_topic_count_hidden":0,"_bbp_reply_count_hidden":0,"_bbp_forum_subforum_count":0,"footnotes":""},"categories":[3,1,29],"tags":[],"class_list":["post-2619","post","type-post","status-publish","format-standard","hentry","category-eso","category-general","category-portada"],"post_mailing_queue_ids":[],"_links":{"self":[{"href":"https:\/\/agora.xtec.cat\/iesvinyet\/wp-json\/wp\/v2\/posts\/2619","targetHints":{"allow":["GET"]}}],"collection":[{"href":"https:\/\/agora.xtec.cat\/iesvinyet\/wp-json\/wp\/v2\/posts"}],"about":[{"href":"https:\/\/agora.xtec.cat\/iesvinyet\/wp-json\/wp\/v2\/types\/post"}],"author":[{"embeddable":true,"href":"https:\/\/agora.xtec.cat\/iesvinyet\/wp-json\/wp\/v2\/users\/176"}],"replies":[{"embeddable":true,"href":"https:\/\/agora.xtec.cat\/iesvinyet\/wp-json\/wp\/v2\/comments?post=2619"}],"version-history":[{"count":3,"href":"https:\/\/agora.xtec.cat\/iesvinyet\/wp-json\/wp\/v2\/posts\/2619\/revisions"}],"predecessor-version":[{"id":2632,"href":"https:\/\/agora.xtec.cat\/iesvinyet\/wp-json\/wp\/v2\/posts\/2619\/revisions\/2632"}],"wp:attachment":[{"href":"https:\/\/agora.xtec.cat\/iesvinyet\/wp-json\/wp\/v2\/media?parent=2619"}],"wp:term":[{"taxonomy":"category","embeddable":true,"href":"https:\/\/agora.xtec.cat\/iesvinyet\/wp-json\/wp\/v2\/categories?post=2619"},{"taxonomy":"post_tag","embeddable":true,"href":"https:\/\/agora.xtec.cat\/iesvinyet\/wp-json\/wp\/v2\/tags?post=2619"}],"curies":[{"name":"wp","href":"https:\/\/api.w.org\/{rel}","templated":true}]}}