{"id":2617,"date":"2020-07-06T14:20:20","date_gmt":"2020-07-06T12:20:20","guid":{"rendered":"http:\/\/agora.xtec.cat\/iesvinyet\/?p=2617"},"modified":"2020-07-06T14:20:20","modified_gmt":"2020-07-06T12:20:20","slug":"ajuts-socials-2020-llibres-i-material-escolar","status":"publish","type":"post","link":"https:\/\/agora.xtec.cat\/iesvinyet\/general\/ajuts-socials-2020-llibres-i-material-escolar\/","title":{"rendered":"AJUTS SOCIALS 2020: Llibres i material escolar"},"content":{"rendered":"<p>Des de l&#8217;<b>1 de juliol i fins el proper 24 de juliol<\/b>, es poden sol\u00b7licitar les ajudes per\u00a0<b>llibres i material escolar\u00a0<\/b>per al proper curs.<\/p>\n<p><span style=\"color: #000000;\">El tr\u00e0mit es pot fer de manera <strong>presencial<\/strong>, amb cita pr\u00e8via, a l&#8217;Oficina d&#8217;Atenci\u00f3 Ciutadana (OAC) &#8211; de Sitges, o de manera <strong>telem\u00e0tica<\/strong>. En aquest enlla\u00e7, hi trobareu tota la informaci\u00f3 necess\u00e0ria per sol\u00b7licitar l&#8217;ajuda:\u00a0<\/span><strong><a href=\"https:\/\/carpeta.sitges.cat\/Ciutadania\/DetallTramit.aspx?Cercador=True&amp;IdTramit=577\" target=\"_blank\" rel=\"noopener noreferrer\" data-saferedirecturl=\"https:\/\/www.google.com\/url?q=https:\/\/carpeta.sitges.cat\/Ciutadania\/DetallTramit.aspx?Cercador%3DTrue%26IdTramit%3D577&amp;source=gmail&amp;ust=1594124092522000&amp;usg=AFQjCNG5_0j_5RmkV_f36bDsLkdASqV6Cw\">https:\/\/carpeta.sitges.cat\/<wbr \/>Ciutadania\/DetallTramit.aspx?<wbr \/>Cercador=True&amp;IdTramit=577<\/a>\u00a0\u00a0<\/strong><\/p>\n<div>\n<p>L&#8217;Ajuntament de Sitges tamb\u00e9 ha obert el termini\u00a0<b>fins el dia 24 de juliol\u00a0<\/b>per poder sol\u00b7licitar altres ajudes:<\/p>\n<ul>\n<li style=\"list-style-type: none;\">\n<ul>\n<li><em>Ajut per a persones amb discapacitat\u00a0<\/em><\/li>\n<li><em>Ajut per a fam\u00edlies monoparentals i \/ o nombroses<\/em><\/li>\n<li><em>Ajut per a persones que cobren una pensi\u00f3 no contributiva<\/em><\/li>\n<\/ul>\n<\/li>\n<\/ul>\n<p>En aquest enlla\u00e7, hi podreu trobar tota la informaci\u00f3 sobre cadascuna de les ajudes:\u00a0<strong><a href=\"https:\/\/www.sitges.cat\/serveis\/drets-socials-ciutadania-igualtat\/ajuts-socials-2020\" target=\"_blank\" rel=\"noopener noreferrer\" data-saferedirecturl=\"https:\/\/www.google.com\/url?q=https:\/\/www.sitges.cat\/serveis\/drets-socials-ciutadania-igualtat\/ajuts-socials-2020&amp;source=gmail&amp;ust=1594124092522000&amp;usg=AFQjCNHi8xEoky837W4aRmJHOn1eD1BazA\">https:\/\/www.sitges.cat\/<wbr \/>serveis\/drets-socials-<wbr \/>ciutadania-igualtat\/ajuts-<wbr \/>socials-2020<\/a>\u00a0\u00a0<\/strong><\/p>\n<div><\/div>\n<p>Esperem que aquesta informaci\u00f3 us sigui d&#8217;utilitat.<\/p>\n<\/div>\n","protected":false},"excerpt":{"rendered":"<p>Des de l&#8217;1 de juliol i fins el proper 24 de juliol, es poden sol\u00b7licitar les ajudes per\u00a0llibres i material escolar\u00a0per al proper curs.<br \/>\nEl tr\u00e0mit es pot fer de manera presencial, amb cita pr\u00e8via, a l&#8217;Oficina d&#8217;Atenci\u00f3 Ciutadana (OAC) &#8211; de Sitges, o de manera&hellip;  <a href=\"https:\/\/agora.xtec.cat\/iesvinyet\/general\/ajuts-socials-2020-llibres-i-material-escolar\/\" title=\"Read AJUTS SOCIALS 2020: Llibres i material escolar\">Llegeix m\u00e9s\u00bb<\/a><\/p>\n","protected":false},"author":176,"featured_media":0,"comment_status":"open","ping_status":"closed","sticky":false,"template":"","format":"standard","meta":{"_bbp_topic_count":0,"_bbp_reply_count":0,"_bbp_total_topic_count":0,"_bbp_total_reply_count":0,"_bbp_voice_count":0,"_bbp_anonymous_reply_count":0,"_bbp_topic_count_hidden":0,"_bbp_reply_count_hidden":0,"_bbp_forum_subforum_count":0,"footnotes":""},"categories":[8,3,1,29],"tags":[],"class_list":["post-2617","post","type-post","status-publish","format-standard","hentry","category-batxillerat","category-eso","category-general","category-portada"],"post_mailing_queue_ids":[],"_links":{"self":[{"href":"https:\/\/agora.xtec.cat\/iesvinyet\/wp-json\/wp\/v2\/posts\/2617","targetHints":{"allow":["GET"]}}],"collection":[{"href":"https:\/\/agora.xtec.cat\/iesvinyet\/wp-json\/wp\/v2\/posts"}],"about":[{"href":"https:\/\/agora.xtec.cat\/iesvinyet\/wp-json\/wp\/v2\/types\/post"}],"author":[{"embeddable":true,"href":"https:\/\/agora.xtec.cat\/iesvinyet\/wp-json\/wp\/v2\/users\/176"}],"replies":[{"embeddable":true,"href":"https:\/\/agora.xtec.cat\/iesvinyet\/wp-json\/wp\/v2\/comments?post=2617"}],"version-history":[{"count":1,"href":"https:\/\/agora.xtec.cat\/iesvinyet\/wp-json\/wp\/v2\/posts\/2617\/revisions"}],"predecessor-version":[{"id":2618,"href":"https:\/\/agora.xtec.cat\/iesvinyet\/wp-json\/wp\/v2\/posts\/2617\/revisions\/2618"}],"wp:attachment":[{"href":"https:\/\/agora.xtec.cat\/iesvinyet\/wp-json\/wp\/v2\/media?parent=2617"}],"wp:term":[{"taxonomy":"category","embeddable":true,"href":"https:\/\/agora.xtec.cat\/iesvinyet\/wp-json\/wp\/v2\/categories?post=2617"},{"taxonomy":"post_tag","embeddable":true,"href":"https:\/\/agora.xtec.cat\/iesvinyet\/wp-json\/wp\/v2\/tags?post=2617"}],"curies":[{"name":"wp","href":"https:\/\/api.w.org\/{rel}","templated":true}]}}