{"id":2604,"date":"2020-05-30T12:45:07","date_gmt":"2020-05-30T10:45:07","guid":{"rendered":"http:\/\/agora.xtec.cat\/iesvinyet\/?p=2604"},"modified":"2020-05-30T12:48:10","modified_gmt":"2020-05-30T10:48:10","slug":"pla-especific-dobertura","status":"publish","type":"post","link":"https:\/\/agora.xtec.cat\/iesvinyet\/general\/pla-especific-dobertura\/","title":{"rendered":"PLA ESPEC\u00cdFIC D&#8217;OBERTURA"},"content":{"rendered":"<p>Com sabeu, a partir del dia 1 de juny, es reprendr\u00e0, en alguns casos, l&#8217;atenci\u00f3 presencial de l&#8217;alumnat al centre. Consulteu el <strong><a href=\"https:\/\/drive.google.com\/file\/d\/1c6QbyGJlMR4bFtkKlqte1c-cL6pQbcow\/view?usp=sharing\">PLA ESPEC\u00cdFIC D&#8217;OBERTURA<\/a><\/strong> per saber qui, com i quan podr\u00e0 ser\u00e0 at\u00e8s a l&#8217;Institut.<\/p>\n<p>Recordeu que l&#8217;activitat lectiva i el seguiment tutorial continuen de manera telem\u00e0tica fins a final de curs.<\/p>\n<p>&nbsp;<\/p>\n","protected":false},"excerpt":{"rendered":"<p>Com sabeu, a partir del dia 1 de juny, es reprendr\u00e0, en alguns casos, l&#8217;atenci\u00f3 presencial de l&#8217;alumnat al centre. Consulteu el <a href=\"https:\/\/drive.google.com\/file\/d\/1c6QbyGJlMR4bFtkKlqte1c-cL6pQbcow\/view?usp=sharing\">PLA ESPEC\u00cdFIC D&#8217;OBERTURA<\/a> per saber qui, com i quan podr\u00e0 ser\u00e0 at\u00e8s a l&#8217;Institut.<br \/>\nRecordeu que l&#8217;activitat lectiva i el seguiment tutorial continuen&hellip;  <a href=\"https:\/\/agora.xtec.cat\/iesvinyet\/general\/pla-especific-dobertura\/\" title=\"Read PLA ESPEC\u00cdFIC D&#8217;OBERTURA\">Llegeix m\u00e9s\u00bb<\/a><\/p>\n","protected":false},"author":176,"featured_media":0,"comment_status":"open","ping_status":"closed","sticky":false,"template":"","format":"standard","meta":{"_bbp_topic_count":0,"_bbp_reply_count":0,"_bbp_total_topic_count":0,"_bbp_total_reply_count":0,"_bbp_voice_count":0,"_bbp_anonymous_reply_count":0,"_bbp_topic_count_hidden":0,"_bbp_reply_count_hidden":0,"_bbp_forum_subforum_count":0,"footnotes":""},"categories":[1,29],"tags":[],"class_list":["post-2604","post","type-post","status-publish","format-standard","hentry","category-general","category-portada"],"post_mailing_queue_ids":[],"_links":{"self":[{"href":"https:\/\/agora.xtec.cat\/iesvinyet\/wp-json\/wp\/v2\/posts\/2604","targetHints":{"allow":["GET"]}}],"collection":[{"href":"https:\/\/agora.xtec.cat\/iesvinyet\/wp-json\/wp\/v2\/posts"}],"about":[{"href":"https:\/\/agora.xtec.cat\/iesvinyet\/wp-json\/wp\/v2\/types\/post"}],"author":[{"embeddable":true,"href":"https:\/\/agora.xtec.cat\/iesvinyet\/wp-json\/wp\/v2\/users\/176"}],"replies":[{"embeddable":true,"href":"https:\/\/agora.xtec.cat\/iesvinyet\/wp-json\/wp\/v2\/comments?post=2604"}],"version-history":[{"count":2,"href":"https:\/\/agora.xtec.cat\/iesvinyet\/wp-json\/wp\/v2\/posts\/2604\/revisions"}],"predecessor-version":[{"id":2607,"href":"https:\/\/agora.xtec.cat\/iesvinyet\/wp-json\/wp\/v2\/posts\/2604\/revisions\/2607"}],"wp:attachment":[{"href":"https:\/\/agora.xtec.cat\/iesvinyet\/wp-json\/wp\/v2\/media?parent=2604"}],"wp:term":[{"taxonomy":"category","embeddable":true,"href":"https:\/\/agora.xtec.cat\/iesvinyet\/wp-json\/wp\/v2\/categories?post=2604"},{"taxonomy":"post_tag","embeddable":true,"href":"https:\/\/agora.xtec.cat\/iesvinyet\/wp-json\/wp\/v2\/tags?post=2604"}],"curies":[{"name":"wp","href":"https:\/\/api.w.org\/{rel}","templated":true}]}}