{"id":2514,"date":"2020-03-26T20:14:23","date_gmt":"2020-03-26T19:14:23","guid":{"rendered":"http:\/\/agora.xtec.cat\/iesvinyet\/?p=2514"},"modified":"2020-03-26T20:14:23","modified_gmt":"2020-03-26T19:14:23","slug":"beques-menjador-targeta-moneder","status":"publish","type":"post","link":"https:\/\/agora.xtec.cat\/iesvinyet\/general\/beques-menjador-targeta-moneder\/","title":{"rendered":"BEQUES MENJADOR: TARGETA MONEDER"},"content":{"rendered":"<p>Aquest 25 de mar\u00e7, el Departament d&#8217;Educaci\u00f3 i el Departament de Treball, Afers Socials i Fam\u00edlia de la Generalitat de Catalunya ja ha fet arribar al Consell Comarcal del Garraf les <strong>targetes moneder<\/strong> per les fam\u00edlies que tenen un <strong>ajut de menjador escolar.<\/strong><\/p>\n<p>L&#8217;\u00fas de les targetes \u00e9s exclusivament per a compres que han de garantir l&#8217;alimentaci\u00f3 dels infants.\u00a0<b>Les targetes moneder podran ser utilitzades en qualsevol comer\u00e7<\/b>\u00a0que estigui identificat com d&#8217;alimentaci\u00f3 i tinguin dat\u00e0fon.<\/p>\n<p>Els Ajuntaments, coordinats des de Serveis Socials de cada municipi, les faran arribar a cada domicili de les fam\u00edlies que tenen beca concedida per aquest curs 2019-2020.<\/p>\n<p>&nbsp;<\/p>\n","protected":false},"excerpt":{"rendered":"<p>Aquest 25 de mar\u00e7, el Departament d&#8217;Educaci\u00f3 i el Departament de Treball, Afers Socials i Fam\u00edlia de la Generalitat de Catalunya ja ha fet arribar al Consell Comarcal del Garraf les targetes moneder per les fam\u00edlies que tenen un ajut de menjador escolar.<br \/>\nL&#8217;\u00fas de les&hellip;  <a href=\"https:\/\/agora.xtec.cat\/iesvinyet\/general\/beques-menjador-targeta-moneder\/\" title=\"Read BEQUES MENJADOR: TARGETA MONEDER\">Llegeix m\u00e9s\u00bb<\/a><\/p>\n","protected":false},"author":176,"featured_media":0,"comment_status":"open","ping_status":"closed","sticky":false,"template":"","format":"standard","meta":{"_bbp_topic_count":0,"_bbp_reply_count":0,"_bbp_total_topic_count":0,"_bbp_total_reply_count":0,"_bbp_voice_count":0,"_bbp_anonymous_reply_count":0,"_bbp_topic_count_hidden":0,"_bbp_reply_count_hidden":0,"_bbp_forum_subforum_count":0,"footnotes":""},"categories":[31,127,1,29],"tags":[],"class_list":["post-2514","post","type-post","status-publish","format-standard","hentry","category-ampa","category-avisos","category-general","category-portada"],"post_mailing_queue_ids":[],"_links":{"self":[{"href":"https:\/\/agora.xtec.cat\/iesvinyet\/wp-json\/wp\/v2\/posts\/2514","targetHints":{"allow":["GET"]}}],"collection":[{"href":"https:\/\/agora.xtec.cat\/iesvinyet\/wp-json\/wp\/v2\/posts"}],"about":[{"href":"https:\/\/agora.xtec.cat\/iesvinyet\/wp-json\/wp\/v2\/types\/post"}],"author":[{"embeddable":true,"href":"https:\/\/agora.xtec.cat\/iesvinyet\/wp-json\/wp\/v2\/users\/176"}],"replies":[{"embeddable":true,"href":"https:\/\/agora.xtec.cat\/iesvinyet\/wp-json\/wp\/v2\/comments?post=2514"}],"version-history":[{"count":1,"href":"https:\/\/agora.xtec.cat\/iesvinyet\/wp-json\/wp\/v2\/posts\/2514\/revisions"}],"predecessor-version":[{"id":2515,"href":"https:\/\/agora.xtec.cat\/iesvinyet\/wp-json\/wp\/v2\/posts\/2514\/revisions\/2515"}],"wp:attachment":[{"href":"https:\/\/agora.xtec.cat\/iesvinyet\/wp-json\/wp\/v2\/media?parent=2514"}],"wp:term":[{"taxonomy":"category","embeddable":true,"href":"https:\/\/agora.xtec.cat\/iesvinyet\/wp-json\/wp\/v2\/categories?post=2514"},{"taxonomy":"post_tag","embeddable":true,"href":"https:\/\/agora.xtec.cat\/iesvinyet\/wp-json\/wp\/v2\/tags?post=2514"}],"curies":[{"name":"wp","href":"https:\/\/api.w.org\/{rel}","templated":true}]}}