{"id":2506,"date":"2020-03-12T16:57:24","date_gmt":"2020-03-12T15:57:24","guid":{"rendered":"http:\/\/agora.xtec.cat\/iesvinyet\/?p=2506"},"modified":"2020-03-12T17:27:32","modified_gmt":"2020-03-12T16:27:32","slug":"centre-tancat","status":"publish","type":"post","link":"https:\/\/agora.xtec.cat\/iesvinyet\/general\/centre-tancat\/","title":{"rendered":"CENTRE TANCAT"},"content":{"rendered":"<p>El Departament d&#8217;Educaci\u00f3, seguint instruccions del Departament de Salut, ha pres la decisi\u00f3 de tancar a partir de dem\u00e0, dia 13 de mar\u00e7, i fins el proper 27 de mar\u00e7, ambd\u00f3s inclosos, tots els centres educatius del pa\u00eds.<\/p>\n<p>Per tant, queden suspeses les classes en horari lectiu i les activitats extraescolars.<\/p>\n<p>Us demanem que, especialment aquests dies, totes les fam\u00edlies estigueu pendents dels canals de comunicaci\u00f3 habituals amb el centre educatiu i que continueu seguint les indicacions, recomanacions i protocols que estableix el Departament de Salut pel que fa a la prevenci\u00f3 del virus i que podeu consultar <a href=\"http:\/\/canalsalut.gencat.cat\/ca\/salut-a-z\/c\/coronavirus-2019-ncov\/\">aqu\u00ed<\/a>.<\/p>\n<p>La jornada de portes obertes, prevista pel proper 17 de mar\u00e7, no es podr\u00e0 dur a terme, per ara. Comunicarem a trav\u00e9s d&#8217;aquest canal totes les novetats. Seguirem pendents de qualsevol instrucci\u00f3, especialment d&#8217;aquelles que facin refer\u00e8ncia al per\u00edode de preinscripci\u00f3.<\/p>\n","protected":false},"excerpt":{"rendered":"<p>El Departament d&#8217;Educaci\u00f3, seguint instruccions del Departament de Salut, ha pres la decisi\u00f3 de tancar a partir de dem\u00e0, dia 13 de mar\u00e7, i fins el proper 27 de mar\u00e7, ambd\u00f3s inclosos, tots els centres educatius del pa\u00eds.<br \/>\nPer tant, queden suspeses les classes en horari&hellip;  <a href=\"https:\/\/agora.xtec.cat\/iesvinyet\/general\/centre-tancat\/\" title=\"Read CENTRE TANCAT\">Llegeix m\u00e9s\u00bb<\/a><\/p>\n","protected":false},"author":176,"featured_media":0,"comment_status":"open","ping_status":"closed","sticky":false,"template":"","format":"standard","meta":{"_bbp_topic_count":0,"_bbp_reply_count":0,"_bbp_total_topic_count":0,"_bbp_total_reply_count":0,"_bbp_voice_count":0,"_bbp_anonymous_reply_count":0,"_bbp_topic_count_hidden":0,"_bbp_reply_count_hidden":0,"_bbp_forum_subforum_count":0,"footnotes":""},"categories":[127,1,29],"tags":[],"class_list":["post-2506","post","type-post","status-publish","format-standard","hentry","category-avisos","category-general","category-portada"],"post_mailing_queue_ids":[],"_links":{"self":[{"href":"https:\/\/agora.xtec.cat\/iesvinyet\/wp-json\/wp\/v2\/posts\/2506","targetHints":{"allow":["GET"]}}],"collection":[{"href":"https:\/\/agora.xtec.cat\/iesvinyet\/wp-json\/wp\/v2\/posts"}],"about":[{"href":"https:\/\/agora.xtec.cat\/iesvinyet\/wp-json\/wp\/v2\/types\/post"}],"author":[{"embeddable":true,"href":"https:\/\/agora.xtec.cat\/iesvinyet\/wp-json\/wp\/v2\/users\/176"}],"replies":[{"embeddable":true,"href":"https:\/\/agora.xtec.cat\/iesvinyet\/wp-json\/wp\/v2\/comments?post=2506"}],"version-history":[{"count":3,"href":"https:\/\/agora.xtec.cat\/iesvinyet\/wp-json\/wp\/v2\/posts\/2506\/revisions"}],"predecessor-version":[{"id":2510,"href":"https:\/\/agora.xtec.cat\/iesvinyet\/wp-json\/wp\/v2\/posts\/2506\/revisions\/2510"}],"wp:attachment":[{"href":"https:\/\/agora.xtec.cat\/iesvinyet\/wp-json\/wp\/v2\/media?parent=2506"}],"wp:term":[{"taxonomy":"category","embeddable":true,"href":"https:\/\/agora.xtec.cat\/iesvinyet\/wp-json\/wp\/v2\/categories?post=2506"},{"taxonomy":"post_tag","embeddable":true,"href":"https:\/\/agora.xtec.cat\/iesvinyet\/wp-json\/wp\/v2\/tags?post=2506"}],"curies":[{"name":"wp","href":"https:\/\/api.w.org\/{rel}","templated":true}]}}