{"id":2498,"date":"2020-03-10T20:57:26","date_gmt":"2020-03-10T19:57:26","guid":{"rendered":"http:\/\/agora.xtec.cat\/iesvinyet\/?p=2498"},"modified":"2020-03-10T21:01:45","modified_gmt":"2020-03-10T20:01:45","slug":"nota-de-premsa-departament-deducacio","status":"publish","type":"post","link":"https:\/\/agora.xtec.cat\/iesvinyet\/portada\/nota-de-premsa-departament-deducacio\/","title":{"rendered":"NOTA DE PREMSA DEPARTAMENT D&#8217;EDUCACI\u00d3"},"content":{"rendered":"<p>Aquest dimarts, el <strong>Departament d&#8217;Educaci\u00f3<\/strong> ha publicat una <strong>nota de premsa<\/strong> amb les darreres <strong>instruccions<\/strong> als centres educatius en relaci\u00f3 al<strong> coronavirus<\/strong><\/p>\n<p>L&#8217;<strong>activitat lectiva als centres educatius es mant\u00e9 amb normalitat<\/strong>, per\u00f2 el Departament <strong>insta a la suspensi\u00f3 de tota activitat no lectiva<\/strong> o curricular que organitzin els centres, que es faci fora del centre i que impliqui professorat, personal no docent o alumnat de diversos centres simult\u00e0niament. <strong>Les sortides lectives que impliquin un sol centre es poden mantenir.\u00a0<\/strong><\/p>\n<p>El Departament tamb\u00e9 comunica que <strong>es mantenen les portes obertes<\/strong> que s&#8217;estan duent a terme aquests dies, per\u00f2 recomana als centres que es <strong>reforcin les mesures de prevenci\u00f3<\/strong>, evitant aglomeracions en espais redu\u00efts i fent visibles les indicacions de prevenci\u00f3 de contagi.<\/p>\n<p>En aquest sentit, publicarem ben aviat la <strong>reorganitzaci\u00f3 de la jornada de portes obertes del centre<\/strong>, per tal de seguir aquestes indicacions.<\/p>\n<p>Podeu consultar la nota de premsa en aquest <a href=\"http:\/\/ensenyament.gencat.cat\/ca\/inici\/nota-premsa\/?id=383825\">enlla\u00e7<\/a>.<\/p>\n<p>El Departament de Salut tamb\u00e9 ha elaborat els seg\u00fcents <a href=\"http:\/\/canalsalut.gencat.cat\/ca\/salut-a-z\/c\/coronavirus-2019-ncov\/\">materials de consulta<\/a>.<\/p>\n<p>Qualsevol novetat la publicarem a trav\u00e9s d&#8217;aquest mateix canal.<\/p>\n","protected":false},"excerpt":{"rendered":"<p>Aquest dimarts, el Departament d&#8217;Educaci\u00f3 ha publicat una nota de premsa amb les darreres instruccions als centres educatius en relaci\u00f3 al coronavirus<br \/>\nL&#8217;activitat lectiva als centres educatius es mant\u00e9 amb normalitat, per\u00f2 el Departament insta a la suspensi\u00f3 de tota activitat no lectiva o curricular que&hellip;  <a href=\"https:\/\/agora.xtec.cat\/iesvinyet\/portada\/nota-de-premsa-departament-deducacio\/\" title=\"Read NOTA DE PREMSA DEPARTAMENT D&#8217;EDUCACI\u00d3\">Llegeix m\u00e9s\u00bb<\/a><\/p>\n","protected":false},"author":176,"featured_media":0,"comment_status":"open","ping_status":"closed","sticky":false,"template":"","format":"standard","meta":{"_bbp_topic_count":0,"_bbp_reply_count":0,"_bbp_total_topic_count":0,"_bbp_total_reply_count":0,"_bbp_voice_count":0,"_bbp_anonymous_reply_count":0,"_bbp_topic_count_hidden":0,"_bbp_reply_count_hidden":0,"_bbp_forum_subforum_count":0,"footnotes":""},"categories":[127,29],"tags":[],"class_list":["post-2498","post","type-post","status-publish","format-standard","hentry","category-avisos","category-portada"],"post_mailing_queue_ids":[],"_links":{"self":[{"href":"https:\/\/agora.xtec.cat\/iesvinyet\/wp-json\/wp\/v2\/posts\/2498","targetHints":{"allow":["GET"]}}],"collection":[{"href":"https:\/\/agora.xtec.cat\/iesvinyet\/wp-json\/wp\/v2\/posts"}],"about":[{"href":"https:\/\/agora.xtec.cat\/iesvinyet\/wp-json\/wp\/v2\/types\/post"}],"author":[{"embeddable":true,"href":"https:\/\/agora.xtec.cat\/iesvinyet\/wp-json\/wp\/v2\/users\/176"}],"replies":[{"embeddable":true,"href":"https:\/\/agora.xtec.cat\/iesvinyet\/wp-json\/wp\/v2\/comments?post=2498"}],"version-history":[{"count":2,"href":"https:\/\/agora.xtec.cat\/iesvinyet\/wp-json\/wp\/v2\/posts\/2498\/revisions"}],"predecessor-version":[{"id":2500,"href":"https:\/\/agora.xtec.cat\/iesvinyet\/wp-json\/wp\/v2\/posts\/2498\/revisions\/2500"}],"wp:attachment":[{"href":"https:\/\/agora.xtec.cat\/iesvinyet\/wp-json\/wp\/v2\/media?parent=2498"}],"wp:term":[{"taxonomy":"category","embeddable":true,"href":"https:\/\/agora.xtec.cat\/iesvinyet\/wp-json\/wp\/v2\/categories?post=2498"},{"taxonomy":"post_tag","embeddable":true,"href":"https:\/\/agora.xtec.cat\/iesvinyet\/wp-json\/wp\/v2\/tags?post=2498"}],"curies":[{"name":"wp","href":"https:\/\/api.w.org\/{rel}","templated":true}]}}