{"id":2493,"date":"2020-03-10T10:51:19","date_gmt":"2020-03-10T09:51:19","guid":{"rendered":"http:\/\/agora.xtec.cat\/iesvinyet\/?p=2493"},"modified":"2020-03-10T10:51:19","modified_gmt":"2020-03-10T09:51:19","slug":"more-dublin","status":"publish","type":"post","link":"https:\/\/agora.xtec.cat\/iesvinyet\/general\/more-dublin\/","title":{"rendered":"MORE DUBL\u00cdN!"},"content":{"rendered":"<p>Ens arriben not\u00edcies des de <strong>Dubl\u00edn<\/strong>. Ahir, tot l&#8217;alumnat va visitar la <strong>biblioteca<\/strong> del <strong>Trinity College<\/strong>, la universitat m\u00e9s antiga d&#8217;Irlanda, fundada el 1592 per la Reina Elisabet I d&#8217;Anglaterra. La Sala llarga, des d&#8217;on ens envien una de les fotografies, es va contruir entre 1712 i 1732, i hi ha 200.000 dels llibres m\u00e9s antics de la biblioteca.<\/p>\n<p><a href=\"https:\/\/agora.xtec.cat\/iesvinyet\/wp-content\/uploads\/usu987\/2020\/03\/IMG-1734.jpg\"><img loading=\"lazy\" decoding=\"async\" class=\"size-medium wp-image-2494 alignleft\" src=\"https:\/\/agora.xtec.cat\/iesvinyet\/wp-content\/uploads\/usu987\/2020\/03\/IMG-1734-300x225.jpg\" alt=\"\" width=\"300\" height=\"225\" srcset=\"https:\/\/agora.xtec.cat\/iesvinyet\/wp-content\/uploads\/usu987\/2020\/03\/IMG-1734-300x225.jpg 300w, https:\/\/agora.xtec.cat\/iesvinyet\/wp-content\/uploads\/usu987\/2020\/03\/IMG-1734-768x576.jpg 768w, https:\/\/agora.xtec.cat\/iesvinyet\/wp-content\/uploads\/usu987\/2020\/03\/IMG-1734-200x150.jpg 200w, https:\/\/agora.xtec.cat\/iesvinyet\/wp-content\/uploads\/usu987\/2020\/03\/IMG-1734.jpg 1008w\" sizes=\"auto, (max-width: 300px) 100vw, 300px\" \/><\/a><\/p>\n<p>&nbsp;<\/p>\n<p>&nbsp;<\/p>\n<p>&nbsp;<\/p>\n<p>Ens envien, tamb\u00e9, una altra instant\u00e0nia, feta a l&#8217;entorn de l&#8217;est\u00e0tua de <strong>Mary Mallon<\/strong>.<\/p>\n<p><a href=\"https:\/\/mujeresconciencia.com\/2015\/09\/23\/mary-mallon-typhoid-mary\/\">Sabeu qui va ser?<\/a><\/p>\n<p><a href=\"https:\/\/agora.xtec.cat\/iesvinyet\/wp-content\/uploads\/usu987\/2020\/03\/IMG-1763.jpg\"><img loading=\"lazy\" decoding=\"async\" class=\"alignnone size-medium wp-image-2496\" src=\"https:\/\/agora.xtec.cat\/iesvinyet\/wp-content\/uploads\/usu987\/2020\/03\/IMG-1763-300x225.jpg\" alt=\"\" width=\"300\" height=\"225\" srcset=\"https:\/\/agora.xtec.cat\/iesvinyet\/wp-content\/uploads\/usu987\/2020\/03\/IMG-1763-300x225.jpg 300w, https:\/\/agora.xtec.cat\/iesvinyet\/wp-content\/uploads\/usu987\/2020\/03\/IMG-1763-768x576.jpg 768w, https:\/\/agora.xtec.cat\/iesvinyet\/wp-content\/uploads\/usu987\/2020\/03\/IMG-1763-1024x768.jpg 1024w, https:\/\/agora.xtec.cat\/iesvinyet\/wp-content\/uploads\/usu987\/2020\/03\/IMG-1763-200x150.jpg 200w, https:\/\/agora.xtec.cat\/iesvinyet\/wp-content\/uploads\/usu987\/2020\/03\/IMG-1763.jpg 2016w\" sizes=\"auto, (max-width: 300px) 100vw, 300px\" \/><\/a><\/p>\n<div dir=\"auto\"><\/div>\n<div dir=\"auto\"><strong>Esperem noves not\u00edcies!\u00a0<\/strong><\/div>\n<div dir=\"auto\"><\/div>\n<div dir=\"auto\"><\/div>\n","protected":false},"excerpt":{"rendered":"<p>Ens arriben not\u00edcies des de Dubl\u00edn. Ahir, tot l&#8217;alumnat va visitar la biblioteca del Trinity College, la universitat m\u00e9s antiga d&#8217;Irlanda, fundada el 1592 per la Reina Elisabet I d&#8217;Anglaterra. La Sala llarga, des d&#8217;on ens envien una de les fotografies, es va contruir entre&hellip;  <a href=\"https:\/\/agora.xtec.cat\/iesvinyet\/general\/more-dublin\/\" title=\"Read MORE DUBL\u00cdN!\">Llegeix m\u00e9s\u00bb<\/a><\/p>\n","protected":false},"author":176,"featured_media":0,"comment_status":"open","ping_status":"closed","sticky":false,"template":"","format":"standard","meta":{"_bbp_topic_count":0,"_bbp_reply_count":0,"_bbp_total_topic_count":0,"_bbp_total_reply_count":0,"_bbp_voice_count":0,"_bbp_anonymous_reply_count":0,"_bbp_topic_count_hidden":0,"_bbp_reply_count_hidden":0,"_bbp_forum_subforum_count":0,"footnotes":""},"categories":[8,1,163,29],"tags":[],"class_list":["post-2493","post","type-post","status-publish","format-standard","hentry","category-batxillerat","category-general","category-la-vida-al-centre","category-portada"],"post_mailing_queue_ids":[],"_links":{"self":[{"href":"https:\/\/agora.xtec.cat\/iesvinyet\/wp-json\/wp\/v2\/posts\/2493","targetHints":{"allow":["GET"]}}],"collection":[{"href":"https:\/\/agora.xtec.cat\/iesvinyet\/wp-json\/wp\/v2\/posts"}],"about":[{"href":"https:\/\/agora.xtec.cat\/iesvinyet\/wp-json\/wp\/v2\/types\/post"}],"author":[{"embeddable":true,"href":"https:\/\/agora.xtec.cat\/iesvinyet\/wp-json\/wp\/v2\/users\/176"}],"replies":[{"embeddable":true,"href":"https:\/\/agora.xtec.cat\/iesvinyet\/wp-json\/wp\/v2\/comments?post=2493"}],"version-history":[{"count":1,"href":"https:\/\/agora.xtec.cat\/iesvinyet\/wp-json\/wp\/v2\/posts\/2493\/revisions"}],"predecessor-version":[{"id":2497,"href":"https:\/\/agora.xtec.cat\/iesvinyet\/wp-json\/wp\/v2\/posts\/2493\/revisions\/2497"}],"wp:attachment":[{"href":"https:\/\/agora.xtec.cat\/iesvinyet\/wp-json\/wp\/v2\/media?parent=2493"}],"wp:term":[{"taxonomy":"category","embeddable":true,"href":"https:\/\/agora.xtec.cat\/iesvinyet\/wp-json\/wp\/v2\/categories?post=2493"},{"taxonomy":"post_tag","embeddable":true,"href":"https:\/\/agora.xtec.cat\/iesvinyet\/wp-json\/wp\/v2\/tags?post=2493"}],"curies":[{"name":"wp","href":"https:\/\/api.w.org\/{rel}","templated":true}]}}