{"id":2488,"date":"2020-03-09T20:26:30","date_gmt":"2020-03-09T19:26:30","guid":{"rendered":"http:\/\/agora.xtec.cat\/iesvinyet\/?p=2488"},"modified":"2020-03-09T20:26:30","modified_gmt":"2020-03-09T19:26:30","slug":"portes-obertes-eso-2","status":"publish","type":"post","link":"https:\/\/agora.xtec.cat\/iesvinyet\/general\/portes-obertes-eso-2\/","title":{"rendered":"PORTES OBERTES ESO"},"content":{"rendered":"<h1 style=\"text-align: center;\"><span style=\"color: #ff6600;\">DIMARTS 17 DE MAR\u00c7 A LES 18.30\u00a0<\/span><\/h1>\n<h1 style=\"text-align: center;\"><span style=\"color: #ff6600;\"><span style=\"color: #0000ff;\"> JORNADA DE PORTES OBERTES<\/span>\u00a0<\/span><\/h1>\n<p>El proper dimarts, 17 de mar\u00e7, obrirem les portes de l&#8217;Institut per compartir amb vosaltres el nostre projecte educatiu, presentar-vos els espais, el professorat i les activitats que duem a terme. Comptarem, tamb\u00e9, amb la participaci\u00f3 de l&#8217;alumnat del centre que podr\u00e0 explicar en primera persona les seves viv\u00e8ncies i respondre qualsevol inquietud que tingueu.<\/p>\n<p>Estarem encantats de rebre la vostra visita.<\/p>\n<p>Si teniu qualsevol dubte que puguem ajudar-vos a resoldre, no dubteu a contactar amb nosaltres a trav\u00e9s del correu a8061014@xtec.cat<\/p>\n<p>&nbsp;<\/p>\n","protected":false},"excerpt":{"rendered":"<p>DIMARTS 17 DE MAR\u00c7 A LES 18.30\u00a0<br \/>\n JORNADA DE PORTES OBERTES\u00a0<br \/>\nEl proper dimarts, 17 de mar\u00e7, obrirem les portes de l&#8217;Institut per compartir amb vosaltres el nostre projecte educatiu, presentar-vos els espais, el professorat i les activitats que duem a terme. Comptarem, tamb\u00e9, amb la&hellip;  <a href=\"https:\/\/agora.xtec.cat\/iesvinyet\/general\/portes-obertes-eso-2\/\" title=\"Read PORTES OBERTES ESO\">Llegeix m\u00e9s\u00bb<\/a><\/p>\n","protected":false},"author":176,"featured_media":0,"comment_status":"open","ping_status":"closed","sticky":false,"template":"","format":"standard","meta":{"_bbp_topic_count":0,"_bbp_reply_count":0,"_bbp_total_topic_count":0,"_bbp_total_reply_count":0,"_bbp_voice_count":0,"_bbp_anonymous_reply_count":0,"_bbp_topic_count_hidden":0,"_bbp_reply_count_hidden":0,"_bbp_forum_subforum_count":0,"footnotes":""},"categories":[1,29],"tags":[],"class_list":["post-2488","post","type-post","status-publish","format-standard","hentry","category-general","category-portada"],"post_mailing_queue_ids":[],"_links":{"self":[{"href":"https:\/\/agora.xtec.cat\/iesvinyet\/wp-json\/wp\/v2\/posts\/2488","targetHints":{"allow":["GET"]}}],"collection":[{"href":"https:\/\/agora.xtec.cat\/iesvinyet\/wp-json\/wp\/v2\/posts"}],"about":[{"href":"https:\/\/agora.xtec.cat\/iesvinyet\/wp-json\/wp\/v2\/types\/post"}],"author":[{"embeddable":true,"href":"https:\/\/agora.xtec.cat\/iesvinyet\/wp-json\/wp\/v2\/users\/176"}],"replies":[{"embeddable":true,"href":"https:\/\/agora.xtec.cat\/iesvinyet\/wp-json\/wp\/v2\/comments?post=2488"}],"version-history":[{"count":1,"href":"https:\/\/agora.xtec.cat\/iesvinyet\/wp-json\/wp\/v2\/posts\/2488\/revisions"}],"predecessor-version":[{"id":2489,"href":"https:\/\/agora.xtec.cat\/iesvinyet\/wp-json\/wp\/v2\/posts\/2488\/revisions\/2489"}],"wp:attachment":[{"href":"https:\/\/agora.xtec.cat\/iesvinyet\/wp-json\/wp\/v2\/media?parent=2488"}],"wp:term":[{"taxonomy":"category","embeddable":true,"href":"https:\/\/agora.xtec.cat\/iesvinyet\/wp-json\/wp\/v2\/categories?post=2488"},{"taxonomy":"post_tag","embeddable":true,"href":"https:\/\/agora.xtec.cat\/iesvinyet\/wp-json\/wp\/v2\/tags?post=2488"}],"curies":[{"name":"wp","href":"https:\/\/api.w.org\/{rel}","templated":true}]}}