{"id":2483,"date":"2020-03-09T20:25:08","date_gmt":"2020-03-09T19:25:08","guid":{"rendered":"http:\/\/agora.xtec.cat\/iesvinyet\/?p=2483"},"modified":"2020-03-09T20:25:08","modified_gmt":"2020-03-09T19:25:08","slug":"six-days-ahead","status":"publish","type":"post","link":"https:\/\/agora.xtec.cat\/iesvinyet\/general\/six-days-ahead\/","title":{"rendered":"SIX DAYS AHEAD!"},"content":{"rendered":"<p>Ahir a la tarda, l&#8217;alumnat de <strong>1r de Batxillerat<\/strong> va arribar a <strong>Dubl\u00edn<\/strong> per participar en una <strong>estada d&#8217;immersi\u00f3 ling\u00fc\u00edstica<\/strong> fins el proper divendres. La sortida, programada i organitzada pel Departament de Lleng\u00fces estrangeres del centre, els ofereix la possibilitat de practicar l&#8217;angl\u00e8s, con\u00e8ixer i aprendre els h\u00e0bits i la <strong>cultura irlandesa<\/strong>.\u00a0 Durant l\u2019estada a la ciutat, l\u2019alumnat realitzar\u00e0 un curs de 15 hores de durada\u00a0 amb <strong>professorat nadiu<\/strong>, a c\u00e0rrec de l\u2019escola Emerald.<\/p>\n<p>Els esperen <strong>6 dies carregats d&#8217;experi\u00e8ncies<\/strong> i de viv\u00e8ncies que compartiran amb les<strong> fam\u00edlies que els acullen<\/strong> i amb els companys.<\/p>\n<p><strong>Estarem atents a les seves not\u00edcies!<\/strong><\/p>\n<p><a href=\"https:\/\/agora.xtec.cat\/iesvinyet\/wp-content\/uploads\/usu987\/2020\/03\/IMG-1670.jpg\"><img loading=\"lazy\" decoding=\"async\" class=\"alignnone size-medium wp-image-2484\" src=\"https:\/\/agora.xtec.cat\/iesvinyet\/wp-content\/uploads\/usu987\/2020\/03\/IMG-1670-300x225.jpg\" alt=\"\" width=\"300\" height=\"225\" srcset=\"https:\/\/agora.xtec.cat\/iesvinyet\/wp-content\/uploads\/usu987\/2020\/03\/IMG-1670-300x225.jpg 300w, https:\/\/agora.xtec.cat\/iesvinyet\/wp-content\/uploads\/usu987\/2020\/03\/IMG-1670-768x576.jpg 768w, https:\/\/agora.xtec.cat\/iesvinyet\/wp-content\/uploads\/usu987\/2020\/03\/IMG-1670-1024x768.jpg 1024w, https:\/\/agora.xtec.cat\/iesvinyet\/wp-content\/uploads\/usu987\/2020\/03\/IMG-1670-200x150.jpg 200w, https:\/\/agora.xtec.cat\/iesvinyet\/wp-content\/uploads\/usu987\/2020\/03\/IMG-1670.jpg 2016w\" sizes=\"auto, (max-width: 300px) 100vw, 300px\" \/>\u00a0\u00a0\u00a0\u00a0\u00a0\u00a0<\/a> <a href=\"https:\/\/agora.xtec.cat\/iesvinyet\/wp-content\/uploads\/usu987\/2020\/03\/IMG-1692.jpg\"><img loading=\"lazy\" decoding=\"async\" class=\"alignnone size-medium wp-image-2485\" src=\"https:\/\/agora.xtec.cat\/iesvinyet\/wp-content\/uploads\/usu987\/2020\/03\/IMG-1692-225x300.jpg\" alt=\"\" width=\"225\" height=\"300\" srcset=\"https:\/\/agora.xtec.cat\/iesvinyet\/wp-content\/uploads\/usu987\/2020\/03\/IMG-1692-225x300.jpg 225w, https:\/\/agora.xtec.cat\/iesvinyet\/wp-content\/uploads\/usu987\/2020\/03\/IMG-1692-768x1024.jpg 768w, https:\/\/agora.xtec.cat\/iesvinyet\/wp-content\/uploads\/usu987\/2020\/03\/IMG-1692.jpg 966w\" sizes=\"auto, (max-width: 225px) 100vw, 225px\" \/> \u00a0 \u00a0\u00a0<\/a> <a href=\"https:\/\/agora.xtec.cat\/iesvinyet\/wp-content\/uploads\/usu987\/2020\/03\/IMG-1707.jpg\"><img loading=\"lazy\" decoding=\"async\" class=\"alignnone size-medium wp-image-2486\" src=\"https:\/\/agora.xtec.cat\/iesvinyet\/wp-content\/uploads\/usu987\/2020\/03\/IMG-1707-300x225.jpg\" alt=\"\" width=\"300\" height=\"225\" srcset=\"https:\/\/agora.xtec.cat\/iesvinyet\/wp-content\/uploads\/usu987\/2020\/03\/IMG-1707-300x225.jpg 300w, https:\/\/agora.xtec.cat\/iesvinyet\/wp-content\/uploads\/usu987\/2020\/03\/IMG-1707-768x576.jpg 768w, https:\/\/agora.xtec.cat\/iesvinyet\/wp-content\/uploads\/usu987\/2020\/03\/IMG-1707-1024x768.jpg 1024w, https:\/\/agora.xtec.cat\/iesvinyet\/wp-content\/uploads\/usu987\/2020\/03\/IMG-1707-200x150.jpg 200w, https:\/\/agora.xtec.cat\/iesvinyet\/wp-content\/uploads\/usu987\/2020\/03\/IMG-1707.jpg 1815w\" sizes=\"auto, (max-width: 300px) 100vw, 300px\" \/><\/a><\/p>\n","protected":false},"excerpt":{"rendered":"<p>Ahir a la tarda, l&#8217;alumnat de 1r de Batxillerat va arribar a Dubl\u00edn per participar en una estada d&#8217;immersi\u00f3 ling\u00fc\u00edstica fins el proper divendres. La sortida, programada i organitzada pel Departament de Lleng\u00fces estrangeres del centre, els ofereix la possibilitat de practicar l&#8217;angl\u00e8s, con\u00e8ixer i&hellip;  <a href=\"https:\/\/agora.xtec.cat\/iesvinyet\/general\/six-days-ahead\/\" title=\"Read SIX DAYS AHEAD!\">Llegeix m\u00e9s\u00bb<\/a><\/p>\n","protected":false},"author":176,"featured_media":0,"comment_status":"open","ping_status":"closed","sticky":false,"template":"","format":"standard","meta":{"_bbp_topic_count":0,"_bbp_reply_count":0,"_bbp_total_topic_count":0,"_bbp_total_reply_count":0,"_bbp_voice_count":0,"_bbp_anonymous_reply_count":0,"_bbp_topic_count_hidden":0,"_bbp_reply_count_hidden":0,"_bbp_forum_subforum_count":0,"footnotes":""},"categories":[8,1,163,29],"tags":[],"class_list":["post-2483","post","type-post","status-publish","format-standard","hentry","category-batxillerat","category-general","category-la-vida-al-centre","category-portada"],"post_mailing_queue_ids":[],"_links":{"self":[{"href":"https:\/\/agora.xtec.cat\/iesvinyet\/wp-json\/wp\/v2\/posts\/2483","targetHints":{"allow":["GET"]}}],"collection":[{"href":"https:\/\/agora.xtec.cat\/iesvinyet\/wp-json\/wp\/v2\/posts"}],"about":[{"href":"https:\/\/agora.xtec.cat\/iesvinyet\/wp-json\/wp\/v2\/types\/post"}],"author":[{"embeddable":true,"href":"https:\/\/agora.xtec.cat\/iesvinyet\/wp-json\/wp\/v2\/users\/176"}],"replies":[{"embeddable":true,"href":"https:\/\/agora.xtec.cat\/iesvinyet\/wp-json\/wp\/v2\/comments?post=2483"}],"version-history":[{"count":1,"href":"https:\/\/agora.xtec.cat\/iesvinyet\/wp-json\/wp\/v2\/posts\/2483\/revisions"}],"predecessor-version":[{"id":2487,"href":"https:\/\/agora.xtec.cat\/iesvinyet\/wp-json\/wp\/v2\/posts\/2483\/revisions\/2487"}],"wp:attachment":[{"href":"https:\/\/agora.xtec.cat\/iesvinyet\/wp-json\/wp\/v2\/media?parent=2483"}],"wp:term":[{"taxonomy":"category","embeddable":true,"href":"https:\/\/agora.xtec.cat\/iesvinyet\/wp-json\/wp\/v2\/categories?post=2483"},{"taxonomy":"post_tag","embeddable":true,"href":"https:\/\/agora.xtec.cat\/iesvinyet\/wp-json\/wp\/v2\/tags?post=2483"}],"curies":[{"name":"wp","href":"https:\/\/api.w.org\/{rel}","templated":true}]}}