{"id":2477,"date":"2020-03-09T20:14:30","date_gmt":"2020-03-09T19:14:30","guid":{"rendered":"http:\/\/agora.xtec.cat\/iesvinyet\/?p=2477"},"modified":"2020-03-09T20:14:30","modified_gmt":"2020-03-09T19:14:30","slug":"au-revoir-france","status":"publish","type":"post","link":"https:\/\/agora.xtec.cat\/iesvinyet\/general\/au-revoir-france\/","title":{"rendered":"AU REVOIR, FRANCE!"},"content":{"rendered":"<p>Com sabeu, durant la primera setmana de mar\u00e7, els alumnes\u00a0 <strong>3r d&#8217;ESO<\/strong> que cursen <strong>Franc\u00e8s<\/strong> com a segona llengua estrangera van participar en un <strong>intercanvi<\/strong> amb l&#8217;Institut Saint Thomas de <strong>Bry sur Marne<\/strong>, a 15 km de Par\u00eds. Malgrat el temps, propi d&#8217;un clima t\u00edpicament del nord, amb pluja, vent i for\u00e7a fred, van poder fer diverses activitats i visites culturals.<\/p>\n<p>Van passejar pel <strong>Louvre<\/strong>, la <strong>Tour Eiffel<\/strong>, l&#8217;<strong>Arc de Triomphe<\/strong>, l&#8217;<strong>Op\u00e9ra<\/strong> de Paris i el riu <strong>Seine<\/strong>. I van tenir l&#8217;oportunitat de participar de les <strong>classes<\/strong> ordin\u00e0ries de l&#8217;Institut d&#8217;acollida i con\u00e8ixer una altre sistema escolar.<\/p>\n<p>L&#8217;experi\u00e8ncia ha estat molt enriquidora, tant a nivell acad\u00e8mic com a nivell personal. <strong>Gr\u00e0cies<\/strong> a tots els que l&#8217;heu fet possible: alumnat, fam\u00edlies i professorat.<\/p>\n<p><strong>Repetirem!<\/strong><\/p>\n<p><a href=\"https:\/\/agora.xtec.cat\/iesvinyet\/wp-content\/uploads\/usu987\/2020\/03\/20200302_155013.jpg\"><img loading=\"lazy\" decoding=\"async\" class=\"alignnone size-medium wp-image-2478\" src=\"https:\/\/agora.xtec.cat\/iesvinyet\/wp-content\/uploads\/usu987\/2020\/03\/20200302_155013-225x300.jpg\" alt=\"\" width=\"225\" height=\"300\" srcset=\"https:\/\/agora.xtec.cat\/iesvinyet\/wp-content\/uploads\/usu987\/2020\/03\/20200302_155013-225x300.jpg 225w, https:\/\/agora.xtec.cat\/iesvinyet\/wp-content\/uploads\/usu987\/2020\/03\/20200302_155013-768x1024.jpg 768w, https:\/\/agora.xtec.cat\/iesvinyet\/wp-content\/uploads\/usu987\/2020\/03\/20200302_155013.jpg 1383w\" sizes=\"auto, (max-width: 225px) 100vw, 225px\" \/> <\/a> \u00a0\u00a0 \u00a0\u00a0<a href=\"https:\/\/agora.xtec.cat\/iesvinyet\/wp-content\/uploads\/usu987\/2020\/03\/20200303_160513.jpg\"><img loading=\"lazy\" decoding=\"async\" class=\"alignnone size-medium wp-image-2481\" src=\"https:\/\/agora.xtec.cat\/iesvinyet\/wp-content\/uploads\/usu987\/2020\/03\/20200303_160513-300x225.jpg\" alt=\"\" width=\"300\" height=\"225\" srcset=\"https:\/\/agora.xtec.cat\/iesvinyet\/wp-content\/uploads\/usu987\/2020\/03\/20200303_160513-300x225.jpg 300w, https:\/\/agora.xtec.cat\/iesvinyet\/wp-content\/uploads\/usu987\/2020\/03\/20200303_160513-768x576.jpg 768w, https:\/\/agora.xtec.cat\/iesvinyet\/wp-content\/uploads\/usu987\/2020\/03\/20200303_160513-1024x768.jpg 1024w, https:\/\/agora.xtec.cat\/iesvinyet\/wp-content\/uploads\/usu987\/2020\/03\/20200303_160513-200x150.jpg 200w, https:\/\/agora.xtec.cat\/iesvinyet\/wp-content\/uploads\/usu987\/2020\/03\/20200303_160513.jpg 1660w\" sizes=\"auto, (max-width: 300px) 100vw, 300px\" \/><\/a><a href=\"https:\/\/agora.xtec.cat\/iesvinyet\/wp-content\/uploads\/usu987\/2020\/03\/20200302_155013.jpg\"> \u00a0\u00a0\u00a0\u00a0\u00a0<\/a> <a href=\"https:\/\/agora.xtec.cat\/iesvinyet\/wp-content\/uploads\/usu987\/2020\/03\/20200302_150822.jpg\"><img loading=\"lazy\" decoding=\"async\" class=\"alignnone size-medium wp-image-2479\" src=\"https:\/\/agora.xtec.cat\/iesvinyet\/wp-content\/uploads\/usu987\/2020\/03\/20200302_150822-225x300.jpg\" alt=\"\" width=\"225\" height=\"300\" srcset=\"https:\/\/agora.xtec.cat\/iesvinyet\/wp-content\/uploads\/usu987\/2020\/03\/20200302_150822-225x300.jpg 225w, https:\/\/agora.xtec.cat\/iesvinyet\/wp-content\/uploads\/usu987\/2020\/03\/20200302_150822-768x1024.jpg 768w, https:\/\/agora.xtec.cat\/iesvinyet\/wp-content\/uploads\/usu987\/2020\/03\/20200302_150822.jpg 966w\" sizes=\"auto, (max-width: 225px) 100vw, 225px\" \/>\u00a0\u00a0\u00a0\u00a0<\/a><\/p>\n<p>&nbsp;<\/p>\n<p>&nbsp;<\/p>\n","protected":false},"excerpt":{"rendered":"<p>Com sabeu, durant la primera setmana de mar\u00e7, els alumnes\u00a0 3r d&#8217;ESO que cursen Franc\u00e8s com a segona llengua estrangera van participar en un intercanvi amb l&#8217;Institut Saint Thomas de Bry sur Marne, a 15 km de Par\u00eds. Malgrat el temps, propi d&#8217;un clima t\u00edpicament&hellip;  <a href=\"https:\/\/agora.xtec.cat\/iesvinyet\/general\/au-revoir-france\/\" title=\"Read AU REVOIR, FRANCE!\">Llegeix m\u00e9s\u00bb<\/a><\/p>\n","protected":false},"author":176,"featured_media":0,"comment_status":"open","ping_status":"closed","sticky":false,"template":"","format":"standard","meta":{"_bbp_topic_count":0,"_bbp_reply_count":0,"_bbp_total_topic_count":0,"_bbp_total_reply_count":0,"_bbp_voice_count":0,"_bbp_anonymous_reply_count":0,"_bbp_topic_count_hidden":0,"_bbp_reply_count_hidden":0,"_bbp_forum_subforum_count":0,"footnotes":""},"categories":[1,163,29],"tags":[],"class_list":["post-2477","post","type-post","status-publish","format-standard","hentry","category-general","category-la-vida-al-centre","category-portada"],"post_mailing_queue_ids":[],"_links":{"self":[{"href":"https:\/\/agora.xtec.cat\/iesvinyet\/wp-json\/wp\/v2\/posts\/2477","targetHints":{"allow":["GET"]}}],"collection":[{"href":"https:\/\/agora.xtec.cat\/iesvinyet\/wp-json\/wp\/v2\/posts"}],"about":[{"href":"https:\/\/agora.xtec.cat\/iesvinyet\/wp-json\/wp\/v2\/types\/post"}],"author":[{"embeddable":true,"href":"https:\/\/agora.xtec.cat\/iesvinyet\/wp-json\/wp\/v2\/users\/176"}],"replies":[{"embeddable":true,"href":"https:\/\/agora.xtec.cat\/iesvinyet\/wp-json\/wp\/v2\/comments?post=2477"}],"version-history":[{"count":1,"href":"https:\/\/agora.xtec.cat\/iesvinyet\/wp-json\/wp\/v2\/posts\/2477\/revisions"}],"predecessor-version":[{"id":2482,"href":"https:\/\/agora.xtec.cat\/iesvinyet\/wp-json\/wp\/v2\/posts\/2477\/revisions\/2482"}],"wp:attachment":[{"href":"https:\/\/agora.xtec.cat\/iesvinyet\/wp-json\/wp\/v2\/media?parent=2477"}],"wp:term":[{"taxonomy":"category","embeddable":true,"href":"https:\/\/agora.xtec.cat\/iesvinyet\/wp-json\/wp\/v2\/categories?post=2477"},{"taxonomy":"post_tag","embeddable":true,"href":"https:\/\/agora.xtec.cat\/iesvinyet\/wp-json\/wp\/v2\/tags?post=2477"}],"curies":[{"name":"wp","href":"https:\/\/api.w.org\/{rel}","templated":true}]}}