{"id":2472,"date":"2020-03-09T19:54:29","date_gmt":"2020-03-09T18:54:29","guid":{"rendered":"http:\/\/agora.xtec.cat\/iesvinyet\/?p=2472"},"modified":"2020-03-09T19:54:29","modified_gmt":"2020-03-09T18:54:29","slug":"els-viatges-de-la-guitarra","status":"publish","type":"post","link":"https:\/\/agora.xtec.cat\/iesvinyet\/general\/els-viatges-de-la-guitarra\/","title":{"rendered":"&#8220;ELS VIATGES DE LA GUITARRA&#8221;"},"content":{"rendered":"<p>El passat divendres, tot l&#8217;alumnat de <strong>1r d&#8217;ESO<\/strong> i els alumnes que cursen els projectes de <strong>Coral<\/strong> i <strong>Conjunt instrumental<\/strong> van tenir l&#8217;oportunitat de gaudir del concert<strong> &#8220;Els viatges de la guitarra&#8221;<\/strong>. De la m\u00e0 del grup <strong>Djangol\u00e9<\/strong>, van rec\u00f3rrer el m\u00f3n a trav\u00e9s de les diferents guitarres.<\/p>\n<p>Va ser una experi\u00e8ncia molt enriquidora, on van poder veure de quina manera ens influenciem els uns als altres a trav\u00e9s de la m\u00fasica, el ritme i el folklore.<\/p>\n<p><strong>Gr\u00e0cies per tot, <a href=\"https:\/\/www.audicions.com\/fleurs-en-papier\">Djangol\u00e9<\/a>!\u00a0<\/strong><\/p>\n<p><a href=\"https:\/\/agora.xtec.cat\/iesvinyet\/wp-content\/uploads\/usu987\/2020\/03\/WhatsApp-Image-2020-03-06-at-13.37.56.jpeg\"><img loading=\"lazy\" decoding=\"async\" class=\"alignnone size-medium wp-image-2473\" src=\"https:\/\/agora.xtec.cat\/iesvinyet\/wp-content\/uploads\/usu987\/2020\/03\/WhatsApp-Image-2020-03-06-at-13.37.56-300x225.jpeg\" alt=\"\" width=\"300\" height=\"225\" srcset=\"https:\/\/agora.xtec.cat\/iesvinyet\/wp-content\/uploads\/usu987\/2020\/03\/WhatsApp-Image-2020-03-06-at-13.37.56-300x225.jpeg 300w, https:\/\/agora.xtec.cat\/iesvinyet\/wp-content\/uploads\/usu987\/2020\/03\/WhatsApp-Image-2020-03-06-at-13.37.56-768x576.jpeg 768w, https:\/\/agora.xtec.cat\/iesvinyet\/wp-content\/uploads\/usu987\/2020\/03\/WhatsApp-Image-2020-03-06-at-13.37.56-1024x768.jpeg 1024w, https:\/\/agora.xtec.cat\/iesvinyet\/wp-content\/uploads\/usu987\/2020\/03\/WhatsApp-Image-2020-03-06-at-13.37.56-200x150.jpeg 200w, https:\/\/agora.xtec.cat\/iesvinyet\/wp-content\/uploads\/usu987\/2020\/03\/WhatsApp-Image-2020-03-06-at-13.37.56.jpeg 1600w\" sizes=\"auto, (max-width: 300px) 100vw, 300px\" \/>\u00a0\u00a0 <\/a><a href=\"https:\/\/agora.xtec.cat\/iesvinyet\/wp-content\/uploads\/usu987\/2020\/03\/WhatsApp-Image-2020-03-06-at-13.38.52.jpeg\"><img loading=\"lazy\" decoding=\"async\" class=\"alignnone size-medium wp-image-2474\" src=\"https:\/\/agora.xtec.cat\/iesvinyet\/wp-content\/uploads\/usu987\/2020\/03\/WhatsApp-Image-2020-03-06-at-13.38.52-300x225.jpeg\" alt=\"\" width=\"300\" height=\"225\" srcset=\"https:\/\/agora.xtec.cat\/iesvinyet\/wp-content\/uploads\/usu987\/2020\/03\/WhatsApp-Image-2020-03-06-at-13.38.52-300x225.jpeg 300w, https:\/\/agora.xtec.cat\/iesvinyet\/wp-content\/uploads\/usu987\/2020\/03\/WhatsApp-Image-2020-03-06-at-13.38.52-768x576.jpeg 768w, https:\/\/agora.xtec.cat\/iesvinyet\/wp-content\/uploads\/usu987\/2020\/03\/WhatsApp-Image-2020-03-06-at-13.38.52-1024x768.jpeg 1024w, https:\/\/agora.xtec.cat\/iesvinyet\/wp-content\/uploads\/usu987\/2020\/03\/WhatsApp-Image-2020-03-06-at-13.38.52-200x150.jpeg 200w, https:\/\/agora.xtec.cat\/iesvinyet\/wp-content\/uploads\/usu987\/2020\/03\/WhatsApp-Image-2020-03-06-at-13.38.52.jpeg 2000w\" sizes=\"auto, (max-width: 300px) 100vw, 300px\" \/><\/a><a href=\"https:\/\/agora.xtec.cat\/iesvinyet\/wp-content\/uploads\/usu987\/2020\/03\/WhatsApp-Image-2020-03-06-at-13.37.56.jpeg\"> \u00a0\u00a0 <\/a><a href=\"https:\/\/agora.xtec.cat\/iesvinyet\/wp-content\/uploads\/usu987\/2020\/03\/WhatsApp-Image-2020-03-06-at-13.38.52-1.jpeg\"><img loading=\"lazy\" decoding=\"async\" class=\"alignnone size-medium wp-image-2475\" src=\"https:\/\/agora.xtec.cat\/iesvinyet\/wp-content\/uploads\/usu987\/2020\/03\/WhatsApp-Image-2020-03-06-at-13.38.52-1-300x225.jpeg\" alt=\"\" width=\"300\" height=\"225\" srcset=\"https:\/\/agora.xtec.cat\/iesvinyet\/wp-content\/uploads\/usu987\/2020\/03\/WhatsApp-Image-2020-03-06-at-13.38.52-1-300x225.jpeg 300w, https:\/\/agora.xtec.cat\/iesvinyet\/wp-content\/uploads\/usu987\/2020\/03\/WhatsApp-Image-2020-03-06-at-13.38.52-1-768x576.jpeg 768w, https:\/\/agora.xtec.cat\/iesvinyet\/wp-content\/uploads\/usu987\/2020\/03\/WhatsApp-Image-2020-03-06-at-13.38.52-1-1024x768.jpeg 1024w, https:\/\/agora.xtec.cat\/iesvinyet\/wp-content\/uploads\/usu987\/2020\/03\/WhatsApp-Image-2020-03-06-at-13.38.52-1-200x150.jpeg 200w, https:\/\/agora.xtec.cat\/iesvinyet\/wp-content\/uploads\/usu987\/2020\/03\/WhatsApp-Image-2020-03-06-at-13.38.52-1.jpeg 2000w\" sizes=\"auto, (max-width: 300px) 100vw, 300px\" \/><\/a><\/p>\n","protected":false},"excerpt":{"rendered":"<p>El passat divendres, tot l&#8217;alumnat de 1r d&#8217;ESO i els alumnes que cursen els projectes de Coral i Conjunt instrumental van tenir l&#8217;oportunitat de gaudir del concert &#8220;Els viatges de la guitarra&#8221;. De la m\u00e0 del grup Djangol\u00e9, van rec\u00f3rrer el m\u00f3n a trav\u00e9s de&hellip;  <a href=\"https:\/\/agora.xtec.cat\/iesvinyet\/general\/els-viatges-de-la-guitarra\/\" title=\"Read &#8220;ELS VIATGES DE LA GUITARRA&#8221;\">Llegeix m\u00e9s\u00bb<\/a><\/p>\n","protected":false},"author":176,"featured_media":0,"comment_status":"open","ping_status":"closed","sticky":false,"template":"","format":"standard","meta":{"_bbp_topic_count":0,"_bbp_reply_count":0,"_bbp_total_topic_count":0,"_bbp_total_reply_count":0,"_bbp_voice_count":0,"_bbp_anonymous_reply_count":0,"_bbp_topic_count_hidden":0,"_bbp_reply_count_hidden":0,"_bbp_forum_subforum_count":0,"footnotes":""},"categories":[1,163,29],"tags":[],"class_list":["post-2472","post","type-post","status-publish","format-standard","hentry","category-general","category-la-vida-al-centre","category-portada"],"post_mailing_queue_ids":[],"_links":{"self":[{"href":"https:\/\/agora.xtec.cat\/iesvinyet\/wp-json\/wp\/v2\/posts\/2472","targetHints":{"allow":["GET"]}}],"collection":[{"href":"https:\/\/agora.xtec.cat\/iesvinyet\/wp-json\/wp\/v2\/posts"}],"about":[{"href":"https:\/\/agora.xtec.cat\/iesvinyet\/wp-json\/wp\/v2\/types\/post"}],"author":[{"embeddable":true,"href":"https:\/\/agora.xtec.cat\/iesvinyet\/wp-json\/wp\/v2\/users\/176"}],"replies":[{"embeddable":true,"href":"https:\/\/agora.xtec.cat\/iesvinyet\/wp-json\/wp\/v2\/comments?post=2472"}],"version-history":[{"count":1,"href":"https:\/\/agora.xtec.cat\/iesvinyet\/wp-json\/wp\/v2\/posts\/2472\/revisions"}],"predecessor-version":[{"id":2476,"href":"https:\/\/agora.xtec.cat\/iesvinyet\/wp-json\/wp\/v2\/posts\/2472\/revisions\/2476"}],"wp:attachment":[{"href":"https:\/\/agora.xtec.cat\/iesvinyet\/wp-json\/wp\/v2\/media?parent=2472"}],"wp:term":[{"taxonomy":"category","embeddable":true,"href":"https:\/\/agora.xtec.cat\/iesvinyet\/wp-json\/wp\/v2\/categories?post=2472"},{"taxonomy":"post_tag","embeddable":true,"href":"https:\/\/agora.xtec.cat\/iesvinyet\/wp-json\/wp\/v2\/tags?post=2472"}],"curies":[{"name":"wp","href":"https:\/\/api.w.org\/{rel}","templated":true}]}}