{"id":2445,"date":"2020-02-14T19:46:22","date_gmt":"2020-02-14T18:46:22","guid":{"rendered":"http:\/\/agora.xtec.cat\/iesvinyet\/?p=2445"},"modified":"2020-02-14T20:01:41","modified_gmt":"2020-02-14T19:01:41","slug":"gracies-4","status":"publish","type":"post","link":"https:\/\/agora.xtec.cat\/iesvinyet\/portada\/gracies-4\/","title":{"rendered":"GR\u00c0CIES!"},"content":{"rendered":"<p>Un cop m\u00e9s, us volem donar les <strong>GR\u00c0CIES<\/strong> per la vostra solidaritat i la vostra col\u00b7laboraci\u00f3.<\/p>\n<p>Aquest mat\u00ed, els alumnes de &#8220;Projecte Solidari&#8221; i d&#8217;Emprenedoria ho teneien tot a punt per fer-nos TACAR PEL C\u00c0NCER INFANTIL.<\/p>\n<h5>Cada any es diagnostiquen uns 1.200 nous casos de c\u00e0ncer infantil a Espanya.<\/h5>\n<h5><em>Els c\u00e0ncers que afecten als nens, adolescents i joves s\u00f3n molt diferents dels c\u00e0ncers que afecten als adults.<\/em><\/h5>\n<p>Actualment un 20 % de nens amb c\u00e0ncer no superen la malaltia i el 80 % es curen per\u00f2, de vegades, amb seq\u00fceles importants. Per aix\u00f2 \u00e9s molt important avan\u00e7ar en la recerca i en la investigaci\u00f3.<\/p>\n<p>Entre tots, hem col\u00b7laborat en la recaptaci\u00f3 de fons per a la investigaci\u00f3 d\u2019aquesta malaltia amb l&#8217;objectiu de millorar els tractaments del c\u00e0ncer infantil i apropar-nos al somni que tots tenim: <strong>que un dia tots els nens i adolescents amb c\u00e0ncer es puguin curar!<\/strong><\/p>\n<h1 class=\"widget-title\" style=\"text-align: center;\"><span style=\"color: #ff6600;\">Hem sumat 269, 20 \u20ac <\/span><\/h1>\n<h4 class=\"widget-title\" style=\"text-align: center;\">en benefici del Laboratori de Recerca del C\u00e0ncer Infantil de l\u2019Hospital de Sant Joan de D\u00e9u.<\/h4>\n<h2 class=\"widget-title\"><img loading=\"lazy\" decoding=\"async\" class=\"image wp-image-578 attachment-full aligncenter\" src=\"https:\/\/xocolatadasolidaria.org\/wp-content\/uploads\/2017\/12\/logo-footer-2.png\" alt=\"\" width=\"202\" height=\"109\" \/><\/h2>\n<p>I, a m\u00e9s a m\u00e9s, hem estrenat els nous <strong>gots reutilitzables<\/strong>, per fer que aquest acte sigui una mica m\u00e9s sostenible. Gr\u00e0cies per la vostra col\u00b7laboraci\u00f3, per la vostra solidaritat i per fer una mica m\u00e9s gran aquesta <strong>taca de xocolata!\u00a0<\/strong><\/p>\n<p><a href=\"https:\/\/agora.xtec.cat\/iesvinyet\/wp-content\/uploads\/usu987\/2020\/02\/IMG_8399.jpg\"><img loading=\"lazy\" decoding=\"async\" class=\"size-medium wp-image-2446 aligncenter\" src=\"https:\/\/agora.xtec.cat\/iesvinyet\/wp-content\/uploads\/usu987\/2020\/02\/IMG_8399-300x131.jpg\" alt=\"\" width=\"300\" height=\"131\" srcset=\"https:\/\/agora.xtec.cat\/iesvinyet\/wp-content\/uploads\/usu987\/2020\/02\/IMG_8399-300x131.jpg 300w, https:\/\/agora.xtec.cat\/iesvinyet\/wp-content\/uploads\/usu987\/2020\/02\/IMG_8399.jpg 640w\" sizes=\"auto, (max-width: 300px) 100vw, 300px\" \/><\/a><\/p>\n","protected":false},"excerpt":{"rendered":"<p>Un cop m\u00e9s, us volem donar les GR\u00c0CIES per la vostra solidaritat i la vostra col\u00b7laboraci\u00f3.<br \/>\nAquest mat\u00ed, els alumnes de &#8220;Projecte Solidari&#8221; i d&#8217;Emprenedoria ho teneien tot a punt per fer-nos TACAR PEL C\u00c0NCER INFANTIL.<br \/>\nCada any es diagnostiquen uns 1.200 nous casos de c\u00e0ncer infantil&hellip;  <a href=\"https:\/\/agora.xtec.cat\/iesvinyet\/portada\/gracies-4\/\" title=\"Read GR\u00c0CIES!\">Llegeix m\u00e9s\u00bb<\/a><\/p>\n","protected":false},"author":176,"featured_media":0,"comment_status":"open","ping_status":"closed","sticky":false,"template":"","format":"standard","meta":{"_bbp_topic_count":0,"_bbp_reply_count":0,"_bbp_total_topic_count":0,"_bbp_total_reply_count":0,"_bbp_voice_count":0,"_bbp_anonymous_reply_count":0,"_bbp_topic_count_hidden":0,"_bbp_reply_count_hidden":0,"_bbp_forum_subforum_count":0,"footnotes":""},"categories":[163,29],"tags":[],"class_list":["post-2445","post","type-post","status-publish","format-standard","hentry","category-la-vida-al-centre","category-portada"],"post_mailing_queue_ids":[],"_links":{"self":[{"href":"https:\/\/agora.xtec.cat\/iesvinyet\/wp-json\/wp\/v2\/posts\/2445","targetHints":{"allow":["GET"]}}],"collection":[{"href":"https:\/\/agora.xtec.cat\/iesvinyet\/wp-json\/wp\/v2\/posts"}],"about":[{"href":"https:\/\/agora.xtec.cat\/iesvinyet\/wp-json\/wp\/v2\/types\/post"}],"author":[{"embeddable":true,"href":"https:\/\/agora.xtec.cat\/iesvinyet\/wp-json\/wp\/v2\/users\/176"}],"replies":[{"embeddable":true,"href":"https:\/\/agora.xtec.cat\/iesvinyet\/wp-json\/wp\/v2\/comments?post=2445"}],"version-history":[{"count":1,"href":"https:\/\/agora.xtec.cat\/iesvinyet\/wp-json\/wp\/v2\/posts\/2445\/revisions"}],"predecessor-version":[{"id":2447,"href":"https:\/\/agora.xtec.cat\/iesvinyet\/wp-json\/wp\/v2\/posts\/2445\/revisions\/2447"}],"wp:attachment":[{"href":"https:\/\/agora.xtec.cat\/iesvinyet\/wp-json\/wp\/v2\/media?parent=2445"}],"wp:term":[{"taxonomy":"category","embeddable":true,"href":"https:\/\/agora.xtec.cat\/iesvinyet\/wp-json\/wp\/v2\/categories?post=2445"},{"taxonomy":"post_tag","embeddable":true,"href":"https:\/\/agora.xtec.cat\/iesvinyet\/wp-json\/wp\/v2\/tags?post=2445"}],"curies":[{"name":"wp","href":"https:\/\/api.w.org\/{rel}","templated":true}]}}