{"id":2433,"date":"2020-02-04T20:53:52","date_gmt":"2020-02-04T19:53:52","guid":{"rendered":"http:\/\/agora.xtec.cat\/iesvinyet\/?p=2433"},"modified":"2020-02-04T20:53:52","modified_gmt":"2020-02-04T19:53:52","slug":"delegats-gracies","status":"publish","type":"post","link":"https:\/\/agora.xtec.cat\/iesvinyet\/general\/delegats-gracies\/","title":{"rendered":"DELEGATS, GR\u00c0CIES!"},"content":{"rendered":"<p>Aquest mat\u00ed, hem celebrat la primera <strong>Assemblea de Delegats<\/strong> d&#8217;ESO i Batxillerat del curs. I, tot i que s&#8217;ha fet esperar, ha valgut la pena. Han estat cinc hores de reuni\u00f3, on hem pogut <strong>parlar<\/strong>, <strong>escoltar-nos<\/strong>, proposar <strong>solucions<\/strong>, transmetre <strong>preocupacions<\/strong> i establir les bases d&#8217;un <strong>di\u00e0leg<\/strong> i d&#8217;una <strong>cooperaci\u00f3<\/strong> necess\u00e0ria entre el centre i l&#8217;alumnat.<\/p>\n<p>&nbsp;<\/p>\n<p><a href=\"https:\/\/agora.xtec.cat\/iesvinyet\/wp-content\/uploads\/usu987\/2020\/02\/6ff460e5-b58f-456a-98ca-ea70914e7c79-1.jpg\"><img loading=\"lazy\" decoding=\"async\" class=\"wp-image-2434 alignleft\" src=\"https:\/\/agora.xtec.cat\/iesvinyet\/wp-content\/uploads\/usu987\/2020\/02\/6ff460e5-b58f-456a-98ca-ea70914e7c79-1-300x225.jpg\" alt=\"\" width=\"343\" height=\"257\" srcset=\"https:\/\/agora.xtec.cat\/iesvinyet\/wp-content\/uploads\/usu987\/2020\/02\/6ff460e5-b58f-456a-98ca-ea70914e7c79-1-300x225.jpg 300w, https:\/\/agora.xtec.cat\/iesvinyet\/wp-content\/uploads\/usu987\/2020\/02\/6ff460e5-b58f-456a-98ca-ea70914e7c79-1-768x576.jpg 768w, https:\/\/agora.xtec.cat\/iesvinyet\/wp-content\/uploads\/usu987\/2020\/02\/6ff460e5-b58f-456a-98ca-ea70914e7c79-1-1024x768.jpg 1024w, https:\/\/agora.xtec.cat\/iesvinyet\/wp-content\/uploads\/usu987\/2020\/02\/6ff460e5-b58f-456a-98ca-ea70914e7c79-1-200x150.jpg 200w, https:\/\/agora.xtec.cat\/iesvinyet\/wp-content\/uploads\/usu987\/2020\/02\/6ff460e5-b58f-456a-98ca-ea70914e7c79-1.jpg 1600w\" sizes=\"auto, (max-width: 343px) 100vw, 343px\" \/><\/a><\/p>\n<p>&nbsp;<\/p>\n<p><strong>Ha estat un plaer<\/strong> poder compartir amb tots vosaltres aquesta jornada. El dia 28 de febrer, tal i com hem acordat, ens tornarem a trobar per reprendre temes i tractar-ne de nous.<\/p>\n<p>Per\u00f2 abans, us vol\u00edem donar les <strong>gr\u00e0cies<\/strong> perqu\u00e8 tot all\u00f2 que heu dit i heu compartit dona m\u00e9s valor encara a aquestes Assemblees.<\/p>\n<p>&nbsp;<\/p>\n<p>&nbsp;<\/p>\n","protected":false},"excerpt":{"rendered":"<p>Aquest mat\u00ed, hem celebrat la primera Assemblea de Delegats d&#8217;ESO i Batxillerat del curs. I, tot i que s&#8217;ha fet esperar, ha valgut la pena. Han estat cinc hores de reuni\u00f3, on hem pogut parlar, escoltar-nos, proposar solucions, transmetre preocupacions i establir les bases d&#8217;un&hellip;  <a href=\"https:\/\/agora.xtec.cat\/iesvinyet\/general\/delegats-gracies\/\" title=\"Read DELEGATS, GR\u00c0CIES!\">Llegeix m\u00e9s\u00bb<\/a><\/p>\n","protected":false},"author":176,"featured_media":0,"comment_status":"open","ping_status":"closed","sticky":false,"template":"","format":"standard","meta":{"_bbp_topic_count":0,"_bbp_reply_count":0,"_bbp_total_topic_count":0,"_bbp_total_reply_count":0,"_bbp_voice_count":0,"_bbp_anonymous_reply_count":0,"_bbp_topic_count_hidden":0,"_bbp_reply_count_hidden":0,"_bbp_forum_subforum_count":0,"footnotes":""},"categories":[1,163,29],"tags":[],"class_list":["post-2433","post","type-post","status-publish","format-standard","hentry","category-general","category-la-vida-al-centre","category-portada"],"post_mailing_queue_ids":[],"_links":{"self":[{"href":"https:\/\/agora.xtec.cat\/iesvinyet\/wp-json\/wp\/v2\/posts\/2433","targetHints":{"allow":["GET"]}}],"collection":[{"href":"https:\/\/agora.xtec.cat\/iesvinyet\/wp-json\/wp\/v2\/posts"}],"about":[{"href":"https:\/\/agora.xtec.cat\/iesvinyet\/wp-json\/wp\/v2\/types\/post"}],"author":[{"embeddable":true,"href":"https:\/\/agora.xtec.cat\/iesvinyet\/wp-json\/wp\/v2\/users\/176"}],"replies":[{"embeddable":true,"href":"https:\/\/agora.xtec.cat\/iesvinyet\/wp-json\/wp\/v2\/comments?post=2433"}],"version-history":[{"count":1,"href":"https:\/\/agora.xtec.cat\/iesvinyet\/wp-json\/wp\/v2\/posts\/2433\/revisions"}],"predecessor-version":[{"id":2435,"href":"https:\/\/agora.xtec.cat\/iesvinyet\/wp-json\/wp\/v2\/posts\/2433\/revisions\/2435"}],"wp:attachment":[{"href":"https:\/\/agora.xtec.cat\/iesvinyet\/wp-json\/wp\/v2\/media?parent=2433"}],"wp:term":[{"taxonomy":"category","embeddable":true,"href":"https:\/\/agora.xtec.cat\/iesvinyet\/wp-json\/wp\/v2\/categories?post=2433"},{"taxonomy":"post_tag","embeddable":true,"href":"https:\/\/agora.xtec.cat\/iesvinyet\/wp-json\/wp\/v2\/tags?post=2433"}],"curies":[{"name":"wp","href":"https:\/\/api.w.org\/{rel}","templated":true}]}}