{"id":2429,"date":"2020-01-31T22:02:09","date_gmt":"2020-01-31T21:02:09","guid":{"rendered":"http:\/\/agora.xtec.cat\/iesvinyet\/?p=2429"},"modified":"2020-02-10T10:35:18","modified_gmt":"2020-02-10T09:35:18","slug":"ja-son-aqui-ils-sont-ici","status":"publish","type":"post","link":"https:\/\/agora.xtec.cat\/iesvinyet\/general\/ja-son-aqui-ils-sont-ici\/","title":{"rendered":"JA S\u00d3N AQU\u00cd!  ILS SONT ICI!"},"content":{"rendered":"<p>Aquesta tarda han arribat els <strong>alumnes<\/strong> de l&#8217;Institut <strong>Saint Thomas, de Bry sur Marne<\/strong>, prop de Par\u00eds, que participen en l&#8217;<strong>intercanvi que l&#8217;\u00c0mbit de Lleng\u00fces Estrangeres<\/strong> ha organitzat aquest curs, vinculat a la mat\u00e8ria de <strong>Franc\u00e8s<\/strong> com a segona llengua estrangera al centre.<\/p>\n<p>Els 10 alumnes francesos compartiran l&#8217;experi\u00e8ncia amb 14 dels nostres alumnes i les seves fam\u00edlies, que els acolliran <strong>fins el proper dia 7 de febrer<\/strong>. Han planificat diverses activitats: una visita a Barcelona, una ruta a trav\u00e9s del Modernisme, una estada al nostre Institut el proper dimecres, per compartir experi\u00e8ncies amb l&#8217;alumnat del centre, activitats esportives a la platja i una gimcana a Sitges guiada pels <strong>14 alumnes de l&#8217;Institut Vinyet que, del 27 de febrer al 4 de mar\u00e7, els retornaran la visita i aniran a Par\u00eds.\u00a0<\/strong><\/p>\n<p>Esperem que l&#8217;estada de tots ells sigui el m\u00e9s profitosa possible.<\/p>\n<p>&nbsp;<\/p>\n<p>&nbsp;<\/p>\n<p><a href=\"https:\/\/agora.xtec.cat\/iesvinyet\/wp-content\/uploads\/usu987\/2020\/01\/40b91fd6-a4a7-44a2-b012-bd6b0d80e5c3.jpg\"><img loading=\"lazy\" decoding=\"async\" class=\"alignnone wp-image-2430\" src=\"https:\/\/agora.xtec.cat\/iesvinyet\/wp-content\/uploads\/usu987\/2020\/01\/40b91fd6-a4a7-44a2-b012-bd6b0d80e5c3-300x140.jpg\" alt=\"\" width=\"312\" height=\"146\" srcset=\"https:\/\/agora.xtec.cat\/iesvinyet\/wp-content\/uploads\/usu987\/2020\/01\/40b91fd6-a4a7-44a2-b012-bd6b0d80e5c3-300x140.jpg 300w, https:\/\/agora.xtec.cat\/iesvinyet\/wp-content\/uploads\/usu987\/2020\/01\/40b91fd6-a4a7-44a2-b012-bd6b0d80e5c3-768x358.jpg 768w, https:\/\/agora.xtec.cat\/iesvinyet\/wp-content\/uploads\/usu987\/2020\/01\/40b91fd6-a4a7-44a2-b012-bd6b0d80e5c3-1024x477.jpg 1024w, https:\/\/agora.xtec.cat\/iesvinyet\/wp-content\/uploads\/usu987\/2020\/01\/40b91fd6-a4a7-44a2-b012-bd6b0d80e5c3.jpg 1600w\" sizes=\"auto, (max-width: 312px) 100vw, 312px\" \/><\/a><\/p>\n","protected":false},"excerpt":{"rendered":"<p>Aquesta tarda han arribat els alumnes de l&#8217;Institut Saint Thomas, de Bry sur Marne, prop de Par\u00eds, que participen en l&#8217;intercanvi que l&#8217;\u00c0mbit de Lleng\u00fces Estrangeres ha organitzat aquest curs, vinculat a la mat\u00e8ria de Franc\u00e8s com a segona llengua estrangera al centre.<br \/>\nEls 10 alumnes&hellip;  <a href=\"https:\/\/agora.xtec.cat\/iesvinyet\/general\/ja-son-aqui-ils-sont-ici\/\" title=\"Read JA S\u00d3N AQU\u00cd!  ILS SONT ICI!\">Llegeix m\u00e9s\u00bb<\/a><\/p>\n","protected":false},"author":176,"featured_media":0,"comment_status":"open","ping_status":"closed","sticky":false,"template":"","format":"standard","meta":{"_bbp_topic_count":0,"_bbp_reply_count":0,"_bbp_total_topic_count":0,"_bbp_total_reply_count":0,"_bbp_voice_count":0,"_bbp_anonymous_reply_count":0,"_bbp_topic_count_hidden":0,"_bbp_reply_count_hidden":0,"_bbp_forum_subforum_count":0,"footnotes":""},"categories":[3,1,163,29],"tags":[],"class_list":["post-2429","post","type-post","status-publish","format-standard","hentry","category-eso","category-general","category-la-vida-al-centre","category-portada"],"post_mailing_queue_ids":[],"_links":{"self":[{"href":"https:\/\/agora.xtec.cat\/iesvinyet\/wp-json\/wp\/v2\/posts\/2429","targetHints":{"allow":["GET"]}}],"collection":[{"href":"https:\/\/agora.xtec.cat\/iesvinyet\/wp-json\/wp\/v2\/posts"}],"about":[{"href":"https:\/\/agora.xtec.cat\/iesvinyet\/wp-json\/wp\/v2\/types\/post"}],"author":[{"embeddable":true,"href":"https:\/\/agora.xtec.cat\/iesvinyet\/wp-json\/wp\/v2\/users\/176"}],"replies":[{"embeddable":true,"href":"https:\/\/agora.xtec.cat\/iesvinyet\/wp-json\/wp\/v2\/comments?post=2429"}],"version-history":[{"count":3,"href":"https:\/\/agora.xtec.cat\/iesvinyet\/wp-json\/wp\/v2\/posts\/2429\/revisions"}],"predecessor-version":[{"id":2440,"href":"https:\/\/agora.xtec.cat\/iesvinyet\/wp-json\/wp\/v2\/posts\/2429\/revisions\/2440"}],"wp:attachment":[{"href":"https:\/\/agora.xtec.cat\/iesvinyet\/wp-json\/wp\/v2\/media?parent=2429"}],"wp:term":[{"taxonomy":"category","embeddable":true,"href":"https:\/\/agora.xtec.cat\/iesvinyet\/wp-json\/wp\/v2\/categories?post=2429"},{"taxonomy":"post_tag","embeddable":true,"href":"https:\/\/agora.xtec.cat\/iesvinyet\/wp-json\/wp\/v2\/tags?post=2429"}],"curies":[{"name":"wp","href":"https:\/\/api.w.org\/{rel}","templated":true}]}}