{"id":2410,"date":"2020-01-21T19:20:34","date_gmt":"2020-01-21T18:20:34","guid":{"rendered":"http:\/\/agora.xtec.cat\/iesvinyet\/?p=2410"},"modified":"2020-01-23T19:45:51","modified_gmt":"2020-01-23T18:45:51","slug":"avis-ultima-hora-nota-premsa-ajuntament","status":"publish","type":"post","link":"https:\/\/agora.xtec.cat\/iesvinyet\/general\/avis-ultima-hora-nota-premsa-ajuntament\/","title":{"rendered":"AV\u00cdS \u00daLTIMA HORA: Nota premsa Ajuntament"},"content":{"rendered":"<h3><b><em>&#8220;L\u2019Ajuntament de Sitges recomana a les fam\u00edlies no portar els fills i filles als centres educatius aquest dimecres.&#8221;<\/em><\/b><\/h3>\n<p>En una nota de premsa enviada a les 19.01 d&#8217;aquest vespre, l&#8217;Ajuntament recomana a les fam\u00edlies no portar els seus fills i filles als centres educatius dem\u00e0 dimecres:<\/p>\n<p><em><b>&#8220;Davant la previsi\u00f3 del temporal per a les properes hores i les possibles afectacions a la mobilitat, tal com s&#8217;ha comunicat aquest mat\u00ed, l\u2019Ajuntament de Sitges recomana evitar despla\u00e7aments i no portar els alumnes a les llars d\u2019infants, a les escoles i als instituts.&#8221;<\/b><\/em><\/p>\n<p>Tot i aix\u00ed, el centre romandr\u00e0 obert en el seu horari habitual per atendre, de manera excepcional, l&#8217;alumnat que hi assisteixi. No ser\u00e0 possible, per\u00f2, mantenir l&#8217;activitat lectiva amb normalitat davant de les possibles incid\u00e8ncies climatol\u00f2giques previstes per a dem\u00e0.<\/p>\n<p>Atentament,<\/p>\n<p>L&#8217;equip directiu.<\/p>\n<p>&nbsp;<\/p>\n<p><b>Per a m\u00e9s informaci\u00f3:<\/b><\/p>\n<p><span style=\"font-weight: 400;\">Oficina de Comunicaci\u00f3. Ajuntament de Sitges.\u00a0<\/span><\/p>\n<p><span style=\"font-weight: 400;\">Tel. 93 811 16 84 \/ 607 825 675<\/span><\/p>\n","protected":false},"excerpt":{"rendered":"<p>&#8220;L\u2019Ajuntament de Sitges recomana a les fam\u00edlies no portar els fills i filles als centres educatius aquest dimecres.&#8221;<br \/>\nEn una nota de premsa enviada a les 19.01 d&#8217;aquest vespre, l&#8217;Ajuntament recomana a les fam\u00edlies no portar els seus fills i filles als centres educatius dem\u00e0 dimecres:<br \/>\n&#8220;Davant&hellip;  <a href=\"https:\/\/agora.xtec.cat\/iesvinyet\/general\/avis-ultima-hora-nota-premsa-ajuntament\/\" title=\"Read AV\u00cdS \u00daLTIMA HORA: Nota premsa Ajuntament\">Llegeix m\u00e9s\u00bb<\/a><\/p>\n","protected":false},"author":176,"featured_media":0,"comment_status":"open","ping_status":"closed","sticky":false,"template":"","format":"standard","meta":{"_bbp_topic_count":0,"_bbp_reply_count":0,"_bbp_total_topic_count":0,"_bbp_total_reply_count":0,"_bbp_voice_count":0,"_bbp_anonymous_reply_count":0,"_bbp_topic_count_hidden":0,"_bbp_reply_count_hidden":0,"_bbp_forum_subforum_count":0,"footnotes":""},"categories":[127,1],"tags":[],"class_list":["post-2410","post","type-post","status-publish","format-standard","hentry","category-avisos","category-general"],"post_mailing_queue_ids":[],"_links":{"self":[{"href":"https:\/\/agora.xtec.cat\/iesvinyet\/wp-json\/wp\/v2\/posts\/2410","targetHints":{"allow":["GET"]}}],"collection":[{"href":"https:\/\/agora.xtec.cat\/iesvinyet\/wp-json\/wp\/v2\/posts"}],"about":[{"href":"https:\/\/agora.xtec.cat\/iesvinyet\/wp-json\/wp\/v2\/types\/post"}],"author":[{"embeddable":true,"href":"https:\/\/agora.xtec.cat\/iesvinyet\/wp-json\/wp\/v2\/users\/176"}],"replies":[{"embeddable":true,"href":"https:\/\/agora.xtec.cat\/iesvinyet\/wp-json\/wp\/v2\/comments?post=2410"}],"version-history":[{"count":1,"href":"https:\/\/agora.xtec.cat\/iesvinyet\/wp-json\/wp\/v2\/posts\/2410\/revisions"}],"predecessor-version":[{"id":2411,"href":"https:\/\/agora.xtec.cat\/iesvinyet\/wp-json\/wp\/v2\/posts\/2410\/revisions\/2411"}],"wp:attachment":[{"href":"https:\/\/agora.xtec.cat\/iesvinyet\/wp-json\/wp\/v2\/media?parent=2410"}],"wp:term":[{"taxonomy":"category","embeddable":true,"href":"https:\/\/agora.xtec.cat\/iesvinyet\/wp-json\/wp\/v2\/categories?post=2410"},{"taxonomy":"post_tag","embeddable":true,"href":"https:\/\/agora.xtec.cat\/iesvinyet\/wp-json\/wp\/v2\/tags?post=2410"}],"curies":[{"name":"wp","href":"https:\/\/api.w.org\/{rel}","templated":true}]}}