{"id":2391,"date":"2020-01-17T21:49:33","date_gmt":"2020-01-17T20:49:33","guid":{"rendered":"http:\/\/agora.xtec.cat\/iesvinyet\/?p=2391"},"modified":"2020-01-17T21:49:33","modified_gmt":"2020-01-17T20:49:33","slug":"com-una-tempesta-que-arriba-sense-avisar","status":"publish","type":"post","link":"https:\/\/agora.xtec.cat\/iesvinyet\/general\/com-una-tempesta-que-arriba-sense-avisar\/","title":{"rendered":"&#8220;COM UNA TEMPESTA QUE ARRIBA SENSE AVISAR&#8221;"},"content":{"rendered":"<p>Aquest curs, els alumnes de <strong>1r d&#8217;ESO, <\/strong>en el marc de la mat\u00e8ria de Llengua Catalana, \u00a0participaran al 25\u00e8 concurs de <em><strong>&#8220;El gust per la lectura&#8221;<\/strong><\/em>, que organitza cada any el Departament d&#8217;Educaci\u00f3. Estigueu atents a les not\u00edcies perqu\u00e8 <strong>estan disposats a donar-ho tot!<\/strong><\/p>\n<p><a href=\"https:\/\/agora.xtec.cat\/iesvinyet\/wp-content\/uploads\/usu987\/2020\/01\/baixa.jpg\"><img loading=\"lazy\" decoding=\"async\" class=\"size-medium wp-image-2393 alignleft\" src=\"https:\/\/agora.xtec.cat\/iesvinyet\/wp-content\/uploads\/usu987\/2020\/01\/baixa.jpg\" alt=\"\" width=\"274\" height=\"184\" \/><\/a><\/p>\n<p>&nbsp;<\/p>\n<p>Nom\u00e9s us donem una pista de la lectura que hem seleccionat i us fem saber que, a partir d&#8217;ara, <strong>els petits ling\u00fcistes treballaran de valent!<\/strong> Als grans ling\u00fcistes, que ja fan 4t, els demanarem algun consell. Segur!<\/p>\n<p><strong>\u00c0nims!<\/strong><\/p>\n<p><a href=\"https:\/\/agora.xtec.cat\/iesvinyet\/wp-content\/uploads\/usu987\/2020\/01\/baixa-1.jpg\">\u00a0 \u00a0 \u00a0 \u00a0 \u00a0 \u00a0 \u00a0 <\/a><\/p>\n","protected":false},"excerpt":{"rendered":"<p>Aquest curs, els alumnes de 1r d&#8217;ESO, en el marc de la mat\u00e8ria de Llengua Catalana, \u00a0participaran al 25\u00e8 concurs de &#8220;El gust per la lectura&#8221;, que organitza cada any el Departament d&#8217;Educaci\u00f3. Estigueu atents a les not\u00edcies perqu\u00e8 estan disposats a donar-ho tot!<br \/>\n<a href=\"https:\/\/agora.xtec.cat\/iesvinyet\/wp-content\/uploads\/usu987\/2020\/01\/baixa.jpg\"><\/a><br \/>\n&nbsp;<br \/>\nNom\u00e9s&hellip;  <a href=\"https:\/\/agora.xtec.cat\/iesvinyet\/general\/com-una-tempesta-que-arriba-sense-avisar\/\" title=\"Read &#8220;COM UNA TEMPESTA QUE ARRIBA SENSE AVISAR&#8221;\">Llegeix m\u00e9s\u00bb<\/a><\/p>\n","protected":false},"author":176,"featured_media":0,"comment_status":"open","ping_status":"closed","sticky":false,"template":"","format":"standard","meta":{"_bbp_topic_count":0,"_bbp_reply_count":0,"_bbp_total_topic_count":0,"_bbp_total_reply_count":0,"_bbp_voice_count":0,"_bbp_anonymous_reply_count":0,"_bbp_topic_count_hidden":0,"_bbp_reply_count_hidden":0,"_bbp_forum_subforum_count":0,"footnotes":""},"categories":[3,1,163,29],"tags":[],"class_list":["post-2391","post","type-post","status-publish","format-standard","hentry","category-eso","category-general","category-la-vida-al-centre","category-portada"],"post_mailing_queue_ids":[],"_links":{"self":[{"href":"https:\/\/agora.xtec.cat\/iesvinyet\/wp-json\/wp\/v2\/posts\/2391","targetHints":{"allow":["GET"]}}],"collection":[{"href":"https:\/\/agora.xtec.cat\/iesvinyet\/wp-json\/wp\/v2\/posts"}],"about":[{"href":"https:\/\/agora.xtec.cat\/iesvinyet\/wp-json\/wp\/v2\/types\/post"}],"author":[{"embeddable":true,"href":"https:\/\/agora.xtec.cat\/iesvinyet\/wp-json\/wp\/v2\/users\/176"}],"replies":[{"embeddable":true,"href":"https:\/\/agora.xtec.cat\/iesvinyet\/wp-json\/wp\/v2\/comments?post=2391"}],"version-history":[{"count":1,"href":"https:\/\/agora.xtec.cat\/iesvinyet\/wp-json\/wp\/v2\/posts\/2391\/revisions"}],"predecessor-version":[{"id":2394,"href":"https:\/\/agora.xtec.cat\/iesvinyet\/wp-json\/wp\/v2\/posts\/2391\/revisions\/2394"}],"wp:attachment":[{"href":"https:\/\/agora.xtec.cat\/iesvinyet\/wp-json\/wp\/v2\/media?parent=2391"}],"wp:term":[{"taxonomy":"category","embeddable":true,"href":"https:\/\/agora.xtec.cat\/iesvinyet\/wp-json\/wp\/v2\/categories?post=2391"},{"taxonomy":"post_tag","embeddable":true,"href":"https:\/\/agora.xtec.cat\/iesvinyet\/wp-json\/wp\/v2\/tags?post=2391"}],"curies":[{"name":"wp","href":"https:\/\/api.w.org\/{rel}","templated":true}]}}