{"id":2384,"date":"2020-01-17T21:36:00","date_gmt":"2020-01-17T20:36:00","guid":{"rendered":"http:\/\/agora.xtec.cat\/iesvinyet\/?p=2384"},"modified":"2020-01-17T21:36:00","modified_gmt":"2020-01-17T20:36:00","slug":"cultura-urbana","status":"publish","type":"post","link":"https:\/\/agora.xtec.cat\/iesvinyet\/general\/cultura-urbana\/","title":{"rendered":"CULTURA URBANA"},"content":{"rendered":"<p>Aquest divendres, els alumnes que cursen el projecte de <em><strong>Cultura Urbana<\/strong><\/em> ja han sortit al carrer per <strong>posar color als murs<\/strong> del centre i pessigar-nos la consci\u00e8ncia per tal de fer-nos <strong>pensar<\/strong> a trav\u00e9s de l&#8217;expressi\u00f3 art\u00edstica. L&#8217;<strong>escamot cultural<\/strong> ha pres els esprais i ha comen\u00e7at a acolorir el gris de les parets. Els seguirem la pista!<\/p>\n<p><a href=\"https:\/\/agora.xtec.cat\/iesvinyet\/wp-content\/uploads\/usu987\/2020\/01\/F8B765D4-DD0A-4103-A6F2-37196164E98E.jpg\"><img loading=\"lazy\" decoding=\"async\" class=\"alignnone size-medium wp-image-2386\" src=\"https:\/\/agora.xtec.cat\/iesvinyet\/wp-content\/uploads\/usu987\/2020\/01\/F8B765D4-DD0A-4103-A6F2-37196164E98E-169x300.jpg\" alt=\"\" width=\"169\" height=\"300\" srcset=\"https:\/\/agora.xtec.cat\/iesvinyet\/wp-content\/uploads\/usu987\/2020\/01\/F8B765D4-DD0A-4103-A6F2-37196164E98E-169x300.jpg 169w, https:\/\/agora.xtec.cat\/iesvinyet\/wp-content\/uploads\/usu987\/2020\/01\/F8B765D4-DD0A-4103-A6F2-37196164E98E-576x1024.jpg 576w, https:\/\/agora.xtec.cat\/iesvinyet\/wp-content\/uploads\/usu987\/2020\/01\/F8B765D4-DD0A-4103-A6F2-37196164E98E.jpg 750w\" sizes=\"auto, (max-width: 169px) 100vw, 169px\" \/> \u00a0 <\/a><a href=\"https:\/\/agora.xtec.cat\/iesvinyet\/wp-content\/uploads\/usu987\/2020\/01\/F8B765D4-DD0A-4103-A6F2-37196164E98E.jpg\">\u00a0 \u00a0<\/a><a href=\"https:\/\/agora.xtec.cat\/iesvinyet\/wp-content\/uploads\/usu987\/2020\/01\/IMG_3429-e1579293195242.jpg\"><img loading=\"lazy\" decoding=\"async\" class=\"alignnone size-medium wp-image-2389\" src=\"https:\/\/agora.xtec.cat\/iesvinyet\/wp-content\/uploads\/usu987\/2020\/01\/IMG_3429-e1579293195242-278x300.jpg\" alt=\"\" width=\"278\" height=\"300\" srcset=\"https:\/\/agora.xtec.cat\/iesvinyet\/wp-content\/uploads\/usu987\/2020\/01\/IMG_3429-e1579293195242-278x300.jpg 278w, https:\/\/agora.xtec.cat\/iesvinyet\/wp-content\/uploads\/usu987\/2020\/01\/IMG_3429-e1579293195242-768x829.jpg 768w, https:\/\/agora.xtec.cat\/iesvinyet\/wp-content\/uploads\/usu987\/2020\/01\/IMG_3429-e1579293195242-948x1024.jpg 948w\" sizes=\"auto, (max-width: 278px) 100vw, 278px\" \/><\/a><a href=\"https:\/\/agora.xtec.cat\/iesvinyet\/wp-content\/uploads\/usu987\/2020\/01\/15925C91-2F91-49CC-B2EF-A17A9908D22C.jpg\">\u00a0\u00a0\u00a0 <\/a><a href=\"https:\/\/agora.xtec.cat\/iesvinyet\/wp-content\/uploads\/usu987\/2020\/01\/15925C91-2F91-49CC-B2EF-A17A9908D22C.jpg\"><img loading=\"lazy\" decoding=\"async\" class=\"alignnone size-medium wp-image-2388\" src=\"https:\/\/agora.xtec.cat\/iesvinyet\/wp-content\/uploads\/usu987\/2020\/01\/15925C91-2F91-49CC-B2EF-A17A9908D22C-169x300.jpg\" alt=\"\" width=\"169\" height=\"300\" srcset=\"https:\/\/agora.xtec.cat\/iesvinyet\/wp-content\/uploads\/usu987\/2020\/01\/15925C91-2F91-49CC-B2EF-A17A9908D22C-169x300.jpg 169w, https:\/\/agora.xtec.cat\/iesvinyet\/wp-content\/uploads\/usu987\/2020\/01\/15925C91-2F91-49CC-B2EF-A17A9908D22C-576x1024.jpg 576w, https:\/\/agora.xtec.cat\/iesvinyet\/wp-content\/uploads\/usu987\/2020\/01\/15925C91-2F91-49CC-B2EF-A17A9908D22C.jpg 750w\" sizes=\"auto, (max-width: 169px) 100vw, 169px\" \/><\/a><a href=\"https:\/\/agora.xtec.cat\/iesvinyet\/wp-content\/uploads\/usu987\/2020\/01\/15925C91-2F91-49CC-B2EF-A17A9908D22C.jpg\"> \u00a0\u00a0\u00a0<\/a><\/p>\n","protected":false},"excerpt":{"rendered":"<p>Aquest divendres, els alumnes que cursen el projecte de Cultura Urbana ja han sortit al carrer per posar color als murs del centre i pessigar-nos la consci\u00e8ncia per tal de fer-nos pensar a trav\u00e9s de l&#8217;expressi\u00f3 art\u00edstica. L&#8217;escamot cultural ha pres els esprais i ha&hellip;  <a href=\"https:\/\/agora.xtec.cat\/iesvinyet\/general\/cultura-urbana\/\" title=\"Read CULTURA URBANA\">Llegeix m\u00e9s\u00bb<\/a><\/p>\n","protected":false},"author":176,"featured_media":0,"comment_status":"open","ping_status":"closed","sticky":false,"template":"","format":"standard","meta":{"_bbp_topic_count":0,"_bbp_reply_count":0,"_bbp_total_topic_count":0,"_bbp_total_reply_count":0,"_bbp_voice_count":0,"_bbp_anonymous_reply_count":0,"_bbp_topic_count_hidden":0,"_bbp_reply_count_hidden":0,"_bbp_forum_subforum_count":0,"footnotes":""},"categories":[1,163,29],"tags":[],"class_list":["post-2384","post","type-post","status-publish","format-standard","hentry","category-general","category-la-vida-al-centre","category-portada"],"post_mailing_queue_ids":[],"_links":{"self":[{"href":"https:\/\/agora.xtec.cat\/iesvinyet\/wp-json\/wp\/v2\/posts\/2384","targetHints":{"allow":["GET"]}}],"collection":[{"href":"https:\/\/agora.xtec.cat\/iesvinyet\/wp-json\/wp\/v2\/posts"}],"about":[{"href":"https:\/\/agora.xtec.cat\/iesvinyet\/wp-json\/wp\/v2\/types\/post"}],"author":[{"embeddable":true,"href":"https:\/\/agora.xtec.cat\/iesvinyet\/wp-json\/wp\/v2\/users\/176"}],"replies":[{"embeddable":true,"href":"https:\/\/agora.xtec.cat\/iesvinyet\/wp-json\/wp\/v2\/comments?post=2384"}],"version-history":[{"count":1,"href":"https:\/\/agora.xtec.cat\/iesvinyet\/wp-json\/wp\/v2\/posts\/2384\/revisions"}],"predecessor-version":[{"id":2390,"href":"https:\/\/agora.xtec.cat\/iesvinyet\/wp-json\/wp\/v2\/posts\/2384\/revisions\/2390"}],"wp:attachment":[{"href":"https:\/\/agora.xtec.cat\/iesvinyet\/wp-json\/wp\/v2\/media?parent=2384"}],"wp:term":[{"taxonomy":"category","embeddable":true,"href":"https:\/\/agora.xtec.cat\/iesvinyet\/wp-json\/wp\/v2\/categories?post=2384"},{"taxonomy":"post_tag","embeddable":true,"href":"https:\/\/agora.xtec.cat\/iesvinyet\/wp-json\/wp\/v2\/tags?post=2384"}],"curies":[{"name":"wp","href":"https:\/\/api.w.org\/{rel}","templated":true}]}}