{"id":2378,"date":"2020-01-14T11:38:39","date_gmt":"2020-01-14T10:38:39","guid":{"rendered":"http:\/\/agora.xtec.cat\/iesvinyet\/?p=2378"},"modified":"2020-01-14T21:11:13","modified_gmt":"2020-01-14T20:11:13","slug":"avis-secretaria-2","status":"publish","type":"post","link":"https:\/\/agora.xtec.cat\/iesvinyet\/general\/avis-secretaria-2\/","title":{"rendered":"PORT DEL COMTE!"},"content":{"rendered":"<p>L&#8217;alumnat de 3r d&#8217;ESO ha tornat avui de <strong>Port del Comte<\/strong>, de la sortida a la neu programada per l&#8217;\u00c0mbit d&#8217;Educaci\u00f3 f\u00edsica.<\/p>\n<p>Aquests dos dies han estat fent <strong>esqu\u00ed alp\u00ed<\/strong> i <em><strong>snow<\/strong><\/em>, amb monitors i compartint moments amb els companys que cohesionen i fan equip. Dem\u00e0 els preguntarem com valoren l&#8217;experi\u00e8ncia.<\/p>\n<p><a href=\"https:\/\/agora.xtec.cat\/iesvinyet\/wp-content\/uploads\/usu987\/2020\/01\/PHOTO-2020-01-14-14-25-47.jpg\">\u00a0 \u00a0 \u00a0 \u00a0 \u00a0 \u00a0 \u00a0 <img loading=\"lazy\" decoding=\"async\" class=\"alignnone size-medium wp-image-2381\" src=\"https:\/\/agora.xtec.cat\/iesvinyet\/wp-content\/uploads\/usu987\/2020\/01\/PHOTO-2020-01-14-14-25-47-300x225.jpg\" alt=\"\" width=\"300\" height=\"225\" srcset=\"https:\/\/agora.xtec.cat\/iesvinyet\/wp-content\/uploads\/usu987\/2020\/01\/PHOTO-2020-01-14-14-25-47-300x225.jpg 300w, https:\/\/agora.xtec.cat\/iesvinyet\/wp-content\/uploads\/usu987\/2020\/01\/PHOTO-2020-01-14-14-25-47-768x576.jpg 768w, https:\/\/agora.xtec.cat\/iesvinyet\/wp-content\/uploads\/usu987\/2020\/01\/PHOTO-2020-01-14-14-25-47-1024x768.jpg 1024w, https:\/\/agora.xtec.cat\/iesvinyet\/wp-content\/uploads\/usu987\/2020\/01\/PHOTO-2020-01-14-14-25-47-200x150.jpg 200w, https:\/\/agora.xtec.cat\/iesvinyet\/wp-content\/uploads\/usu987\/2020\/01\/PHOTO-2020-01-14-14-25-47.jpg 1600w\" sizes=\"auto, (max-width: 300px) 100vw, 300px\" \/><\/a><\/p>\n<p>&nbsp;<\/p>\n","protected":false},"excerpt":{"rendered":"<p>L&#8217;alumnat de 3r d&#8217;ESO ha tornat avui de Port del Comte, de la sortida a la neu programada per l&#8217;\u00c0mbit d&#8217;Educaci\u00f3 f\u00edsica.<br \/>\nAquests dos dies han estat fent esqu\u00ed alp\u00ed i snow, amb monitors i compartint moments amb els companys que cohesionen i fan equip. Dem\u00e0&hellip;  <a href=\"https:\/\/agora.xtec.cat\/iesvinyet\/general\/avis-secretaria-2\/\" title=\"Read PORT DEL COMTE!\">Llegeix m\u00e9s\u00bb<\/a><\/p>\n","protected":false},"author":176,"featured_media":0,"comment_status":"open","ping_status":"closed","sticky":false,"template":"","format":"standard","meta":{"_bbp_topic_count":0,"_bbp_reply_count":0,"_bbp_total_topic_count":0,"_bbp_total_reply_count":0,"_bbp_voice_count":0,"_bbp_anonymous_reply_count":0,"_bbp_topic_count_hidden":0,"_bbp_reply_count_hidden":0,"_bbp_forum_subforum_count":0,"footnotes":""},"categories":[1,163,29],"tags":[],"class_list":["post-2378","post","type-post","status-publish","format-standard","hentry","category-general","category-la-vida-al-centre","category-portada"],"post_mailing_queue_ids":[],"_links":{"self":[{"href":"https:\/\/agora.xtec.cat\/iesvinyet\/wp-json\/wp\/v2\/posts\/2378","targetHints":{"allow":["GET"]}}],"collection":[{"href":"https:\/\/agora.xtec.cat\/iesvinyet\/wp-json\/wp\/v2\/posts"}],"about":[{"href":"https:\/\/agora.xtec.cat\/iesvinyet\/wp-json\/wp\/v2\/types\/post"}],"author":[{"embeddable":true,"href":"https:\/\/agora.xtec.cat\/iesvinyet\/wp-json\/wp\/v2\/users\/176"}],"replies":[{"embeddable":true,"href":"https:\/\/agora.xtec.cat\/iesvinyet\/wp-json\/wp\/v2\/comments?post=2378"}],"version-history":[{"count":3,"href":"https:\/\/agora.xtec.cat\/iesvinyet\/wp-json\/wp\/v2\/posts\/2378\/revisions"}],"predecessor-version":[{"id":2382,"href":"https:\/\/agora.xtec.cat\/iesvinyet\/wp-json\/wp\/v2\/posts\/2378\/revisions\/2382"}],"wp:attachment":[{"href":"https:\/\/agora.xtec.cat\/iesvinyet\/wp-json\/wp\/v2\/media?parent=2378"}],"wp:term":[{"taxonomy":"category","embeddable":true,"href":"https:\/\/agora.xtec.cat\/iesvinyet\/wp-json\/wp\/v2\/categories?post=2378"},{"taxonomy":"post_tag","embeddable":true,"href":"https:\/\/agora.xtec.cat\/iesvinyet\/wp-json\/wp\/v2\/tags?post=2378"}],"curies":[{"name":"wp","href":"https:\/\/api.w.org\/{rel}","templated":true}]}}