{"id":2374,"date":"2019-12-13T22:16:35","date_gmt":"2019-12-13T21:16:35","guid":{"rendered":"http:\/\/agora.xtec.cat\/iesvinyet\/?p=2374"},"modified":"2019-12-13T22:16:35","modified_gmt":"2019-12-13T21:16:35","slug":"gracies-gracies-gracies","status":"publish","type":"post","link":"https:\/\/agora.xtec.cat\/iesvinyet\/general\/gracies-gracies-gracies\/","title":{"rendered":"GR\u00c0CIES, GR\u00c0CIES, GR\u00c0CIES!"},"content":{"rendered":"<p>Aquest curs, com sabeu, ens ha tornat a visitar el <strong>Xanxo<\/strong>, el <strong>porquet solidari<\/strong>, que ja va venir el curs passat, per ajudar-nos a <strong>col\u00b7laborar amb la Marat\u00f3 de TV3<\/strong>, que enguany dedicar\u00e0 els diners recaptats a <strong>investigar les malalties minorit\u00e0ries<\/strong>.<\/p>\n<p>Tot l&#8217;alumnat de <strong>1r d&#8217;ESO<\/strong>, els alumnes de <strong>Coral<\/strong>, de <strong>Conjunt Instrumental<\/strong>, d&#8217;<strong>Arts Esc\u00e8niques<\/strong> i <strong>Dansa<\/strong>, de <strong>Teatre<\/strong> i de <strong>Musical<\/strong> ens han ofert un espectacle art\u00edsitc i solidari.<\/p>\n<p>I entre tots, <strong>hem assolit l&#8217;objectiu<\/strong> que ens vam proposar: superar la recaptaci\u00f3 del curs passat.<\/p>\n<p>Gr\u00e0cies a tota la comunitat educativa de l&#8217;Institut, alumnat, fam\u00edlies i professorat, <strong>hem aconseguit <\/strong><\/p>\n<h1 style=\"text-align: center;\"><strong>771.88 \u20ac<\/strong><\/h1>\n<p>Gr\u00e0cies a tots els que, d&#8217;una manera o altra, ho heu fet possible. I, molt especialment, a l&#8217;<strong>Andr\u00e9s<\/strong>, a l&#8217;<strong>Eduard<\/strong> i al <strong>Rodo<\/strong>, i als nostres t\u00e8cnics que, com sempre, hi s\u00f3n quan se&#8217;ls necessita.<\/p>\n<p>&nbsp;<\/p>\n<p><a href=\"https:\/\/agora.xtec.cat\/iesvinyet\/wp-content\/uploads\/usu987\/2019\/12\/IMG_7970.jpg\"><img loading=\"lazy\" decoding=\"async\" class=\" wp-image-2375 aligncenter\" src=\"https:\/\/agora.xtec.cat\/iesvinyet\/wp-content\/uploads\/usu987\/2019\/12\/IMG_7970-300x225.jpg\" alt=\"\" width=\"345\" height=\"259\" srcset=\"https:\/\/agora.xtec.cat\/iesvinyet\/wp-content\/uploads\/usu987\/2019\/12\/IMG_7970-300x225.jpg 300w, https:\/\/agora.xtec.cat\/iesvinyet\/wp-content\/uploads\/usu987\/2019\/12\/IMG_7970-768x576.jpg 768w, https:\/\/agora.xtec.cat\/iesvinyet\/wp-content\/uploads\/usu987\/2019\/12\/IMG_7970-1024x768.jpg 1024w, https:\/\/agora.xtec.cat\/iesvinyet\/wp-content\/uploads\/usu987\/2019\/12\/IMG_7970-200x150.jpg 200w, https:\/\/agora.xtec.cat\/iesvinyet\/wp-content\/uploads\/usu987\/2019\/12\/IMG_7970.jpg 2016w\" sizes=\"auto, (max-width: 345px) 100vw, 345px\" \/><\/a><\/p>\n<p>Ben aviat, tindrem totes les fotos per compartir-les amb vosaltres.<\/p>\n","protected":false},"excerpt":{"rendered":"<p>Aquest curs, com sabeu, ens ha tornat a visitar el Xanxo, el porquet solidari, que ja va venir el curs passat, per ajudar-nos a col\u00b7laborar amb la Marat\u00f3 de TV3, que enguany dedicar\u00e0 els diners recaptats a investigar les malalties minorit\u00e0ries.<br \/>\nTot l&#8217;alumnat de 1r d&#8217;ESO,&hellip;  <a href=\"https:\/\/agora.xtec.cat\/iesvinyet\/general\/gracies-gracies-gracies\/\" title=\"Read GR\u00c0CIES, GR\u00c0CIES, GR\u00c0CIES!\">Llegeix m\u00e9s\u00bb<\/a><\/p>\n","protected":false},"author":176,"featured_media":0,"comment_status":"open","ping_status":"closed","sticky":false,"template":"","format":"standard","meta":{"_bbp_topic_count":0,"_bbp_reply_count":0,"_bbp_total_topic_count":0,"_bbp_total_reply_count":0,"_bbp_voice_count":0,"_bbp_anonymous_reply_count":0,"_bbp_topic_count_hidden":0,"_bbp_reply_count_hidden":0,"_bbp_forum_subforum_count":0,"footnotes":""},"categories":[1,163,29],"tags":[],"class_list":["post-2374","post","type-post","status-publish","format-standard","hentry","category-general","category-la-vida-al-centre","category-portada"],"post_mailing_queue_ids":[],"_links":{"self":[{"href":"https:\/\/agora.xtec.cat\/iesvinyet\/wp-json\/wp\/v2\/posts\/2374","targetHints":{"allow":["GET"]}}],"collection":[{"href":"https:\/\/agora.xtec.cat\/iesvinyet\/wp-json\/wp\/v2\/posts"}],"about":[{"href":"https:\/\/agora.xtec.cat\/iesvinyet\/wp-json\/wp\/v2\/types\/post"}],"author":[{"embeddable":true,"href":"https:\/\/agora.xtec.cat\/iesvinyet\/wp-json\/wp\/v2\/users\/176"}],"replies":[{"embeddable":true,"href":"https:\/\/agora.xtec.cat\/iesvinyet\/wp-json\/wp\/v2\/comments?post=2374"}],"version-history":[{"count":2,"href":"https:\/\/agora.xtec.cat\/iesvinyet\/wp-json\/wp\/v2\/posts\/2374\/revisions"}],"predecessor-version":[{"id":2377,"href":"https:\/\/agora.xtec.cat\/iesvinyet\/wp-json\/wp\/v2\/posts\/2374\/revisions\/2377"}],"wp:attachment":[{"href":"https:\/\/agora.xtec.cat\/iesvinyet\/wp-json\/wp\/v2\/media?parent=2374"}],"wp:term":[{"taxonomy":"category","embeddable":true,"href":"https:\/\/agora.xtec.cat\/iesvinyet\/wp-json\/wp\/v2\/categories?post=2374"},{"taxonomy":"post_tag","embeddable":true,"href":"https:\/\/agora.xtec.cat\/iesvinyet\/wp-json\/wp\/v2\/tags?post=2374"}],"curies":[{"name":"wp","href":"https:\/\/api.w.org\/{rel}","templated":true}]}}