{"id":2365,"date":"2019-11-22T19:42:52","date_gmt":"2019-11-22T18:42:52","guid":{"rendered":"http:\/\/agora.xtec.cat\/iesvinyet\/?p=2365"},"modified":"2019-11-22T19:42:52","modified_gmt":"2019-11-22T18:42:52","slug":"planta-cara","status":"publish","type":"post","link":"https:\/\/agora.xtec.cat\/iesvinyet\/general\/planta-cara\/","title":{"rendered":"PLANTA CARA!"},"content":{"rendered":"<p>Avui, amb motiu del proper <strong>25 de novembre<\/strong>, <em><strong>Dia Internacional per a l&#8217;eliminaci\u00f3 de la viol\u00e8ncia contra les dones<\/strong><\/em>, els alumnes de l&#8217;Institut Vinyet que cursen la mat\u00e8ria de Visual i pl\u00e0stica amb el professor David Taranc\u00f3n han presentat, al vest\u00edbul del centre, la instal\u00b7laci\u00f3 <strong>&#8220;PLANTA CARA&#8221;.<\/strong><\/p>\n<p>&nbsp;<\/p>\n<p><a href=\"https:\/\/agora.xtec.cat\/iesvinyet\/wp-content\/uploads\/usu987\/2019\/11\/IMG_7797-1.jpg\"><img loading=\"lazy\" decoding=\"async\" class=\"alignnone size-medium wp-image-2366\" src=\"https:\/\/agora.xtec.cat\/iesvinyet\/wp-content\/uploads\/usu987\/2019\/11\/IMG_7797-1-300x186.jpg\" alt=\"\" width=\"300\" height=\"186\" srcset=\"https:\/\/agora.xtec.cat\/iesvinyet\/wp-content\/uploads\/usu987\/2019\/11\/IMG_7797-1-300x186.jpg 300w, https:\/\/agora.xtec.cat\/iesvinyet\/wp-content\/uploads\/usu987\/2019\/11\/IMG_7797-1-768x476.jpg 768w, https:\/\/agora.xtec.cat\/iesvinyet\/wp-content\/uploads\/usu987\/2019\/11\/IMG_7797-1-1024x635.jpg 1024w, https:\/\/agora.xtec.cat\/iesvinyet\/wp-content\/uploads\/usu987\/2019\/11\/IMG_7797-1.jpg 2016w\" sizes=\"auto, (max-width: 300px) 100vw, 300px\" \/>\u00a0\u00a0\u00a0\u00a0<\/a> <a href=\"https:\/\/agora.xtec.cat\/iesvinyet\/wp-content\/uploads\/usu987\/2019\/11\/IMG_7800.jpg\"><img loading=\"lazy\" decoding=\"async\" class=\"alignnone  wp-image-2367\" src=\"https:\/\/agora.xtec.cat\/iesvinyet\/wp-content\/uploads\/usu987\/2019\/11\/IMG_7800-300x225.jpg\" alt=\"\" width=\"248\" height=\"186\" srcset=\"https:\/\/agora.xtec.cat\/iesvinyet\/wp-content\/uploads\/usu987\/2019\/11\/IMG_7800-300x225.jpg 300w, https:\/\/agora.xtec.cat\/iesvinyet\/wp-content\/uploads\/usu987\/2019\/11\/IMG_7800-200x150.jpg 200w, https:\/\/agora.xtec.cat\/iesvinyet\/wp-content\/uploads\/usu987\/2019\/11\/IMG_7800.jpg 320w\" sizes=\"auto, (max-width: 248px) 100vw, 248px\" \/><\/a><\/p>\n<p>Us convidem a visitar-la i a PLANTAR CARA a la viol\u00e8ncia contra les dones aquest proper 25N i tots els dies de l&#8217;any!<\/p>\n","protected":false},"excerpt":{"rendered":"<p>Avui, amb motiu del proper 25 de novembre, Dia Internacional per a l&#8217;eliminaci\u00f3 de la viol\u00e8ncia contra les dones, els alumnes de l&#8217;Institut Vinyet que cursen la mat\u00e8ria de Visual i pl\u00e0stica amb el professor David Taranc\u00f3n han presentat, al vest\u00edbul del centre, la instal\u00b7laci\u00f3&hellip;  <a href=\"https:\/\/agora.xtec.cat\/iesvinyet\/general\/planta-cara\/\" title=\"Read PLANTA CARA!\">Llegeix m\u00e9s\u00bb<\/a><\/p>\n","protected":false},"author":176,"featured_media":0,"comment_status":"open","ping_status":"closed","sticky":false,"template":"","format":"standard","meta":{"_bbp_topic_count":0,"_bbp_reply_count":0,"_bbp_total_topic_count":0,"_bbp_total_reply_count":0,"_bbp_voice_count":0,"_bbp_anonymous_reply_count":0,"_bbp_topic_count_hidden":0,"_bbp_reply_count_hidden":0,"_bbp_forum_subforum_count":0,"footnotes":""},"categories":[1,163,29],"tags":[],"class_list":["post-2365","post","type-post","status-publish","format-standard","hentry","category-general","category-la-vida-al-centre","category-portada"],"post_mailing_queue_ids":[],"_links":{"self":[{"href":"https:\/\/agora.xtec.cat\/iesvinyet\/wp-json\/wp\/v2\/posts\/2365","targetHints":{"allow":["GET"]}}],"collection":[{"href":"https:\/\/agora.xtec.cat\/iesvinyet\/wp-json\/wp\/v2\/posts"}],"about":[{"href":"https:\/\/agora.xtec.cat\/iesvinyet\/wp-json\/wp\/v2\/types\/post"}],"author":[{"embeddable":true,"href":"https:\/\/agora.xtec.cat\/iesvinyet\/wp-json\/wp\/v2\/users\/176"}],"replies":[{"embeddable":true,"href":"https:\/\/agora.xtec.cat\/iesvinyet\/wp-json\/wp\/v2\/comments?post=2365"}],"version-history":[{"count":1,"href":"https:\/\/agora.xtec.cat\/iesvinyet\/wp-json\/wp\/v2\/posts\/2365\/revisions"}],"predecessor-version":[{"id":2368,"href":"https:\/\/agora.xtec.cat\/iesvinyet\/wp-json\/wp\/v2\/posts\/2365\/revisions\/2368"}],"wp:attachment":[{"href":"https:\/\/agora.xtec.cat\/iesvinyet\/wp-json\/wp\/v2\/media?parent=2365"}],"wp:term":[{"taxonomy":"category","embeddable":true,"href":"https:\/\/agora.xtec.cat\/iesvinyet\/wp-json\/wp\/v2\/categories?post=2365"},{"taxonomy":"post_tag","embeddable":true,"href":"https:\/\/agora.xtec.cat\/iesvinyet\/wp-json\/wp\/v2\/tags?post=2365"}],"curies":[{"name":"wp","href":"https:\/\/api.w.org\/{rel}","templated":true}]}}