{"id":2361,"date":"2019-11-04T12:10:41","date_gmt":"2019-11-04T11:10:41","guid":{"rendered":"http:\/\/agora.xtec.cat\/iesvinyet\/?p=2361"},"modified":"2019-11-04T12:10:41","modified_gmt":"2019-11-04T11:10:41","slug":"families-i-pantalles","status":"publish","type":"post","link":"https:\/\/agora.xtec.cat\/iesvinyet\/general\/families-i-pantalles\/","title":{"rendered":"FAM\u00cdLIES I PANTALLES"},"content":{"rendered":"<p>L&#8217;Ajuntament de Sitges organitza els propers dies <strong>5 i 12 de novembre<\/strong> a les <strong>18.00<\/strong>, al <strong>SIS<\/strong> de Pla\u00e7a Catalunya, dos tallers per a fam\u00edlies, sota el t\u00edtol &#8220;<strong>FAM\u00cdLIES I PANTALLES, COM S&#8217;HA D&#8217;ACTUAR?<\/strong>&#8221;<\/p>\n<p>Els tallers s\u00f3n gratu\u00efts per\u00f2 cal inscriure&#8217;s-hi pr\u00e8viament.<\/p>\n<p>Per a m\u00e9s informaci\u00f3, us podeu posar en contacte amb els Serveis Socials de Sitges, al tel\u00e8fon 93 894 94 94<\/p>\n<p><a href=\"https:\/\/agora.xtec.cat\/iesvinyet\/wp-content\/uploads\/usu987\/2019\/11\/Fam\u00edlies-i-pantalles.png\"><img loading=\"lazy\" decoding=\"async\" class=\"alignnone size-medium wp-image-2363\" src=\"https:\/\/agora.xtec.cat\/iesvinyet\/wp-content\/uploads\/usu987\/2019\/11\/Fam\u00edlies-i-pantalles-215x300.png\" alt=\"\" width=\"215\" height=\"300\" srcset=\"https:\/\/agora.xtec.cat\/iesvinyet\/wp-content\/uploads\/usu987\/2019\/11\/Fam\u00edlies-i-pantalles-215x300.png 215w, https:\/\/agora.xtec.cat\/iesvinyet\/wp-content\/uploads\/usu987\/2019\/11\/Fam\u00edlies-i-pantalles.png 563w\" sizes=\"auto, (max-width: 215px) 100vw, 215px\" \/><\/a><\/p>\n","protected":false},"excerpt":{"rendered":"<p>L&#8217;Ajuntament de Sitges organitza els propers dies 5 i 12 de novembre a les 18.00, al SIS de Pla\u00e7a Catalunya, dos tallers per a fam\u00edlies, sota el t\u00edtol &#8220;FAM\u00cdLIES I PANTALLES, COM S&#8217;HA D&#8217;ACTUAR?&#8221;<br \/>\nEls tallers s\u00f3n gratu\u00efts per\u00f2 cal inscriure&#8217;s-hi pr\u00e8viament.<br \/>\nPer a m\u00e9s informaci\u00f3, us&hellip;  <a href=\"https:\/\/agora.xtec.cat\/iesvinyet\/general\/families-i-pantalles\/\" title=\"Read FAM\u00cdLIES I PANTALLES\">Llegeix m\u00e9s\u00bb<\/a><\/p>\n","protected":false},"author":176,"featured_media":0,"comment_status":"open","ping_status":"closed","sticky":false,"template":"","format":"standard","meta":{"_bbp_topic_count":0,"_bbp_reply_count":0,"_bbp_total_topic_count":0,"_bbp_total_reply_count":0,"_bbp_voice_count":0,"_bbp_anonymous_reply_count":0,"_bbp_topic_count_hidden":0,"_bbp_reply_count_hidden":0,"_bbp_forum_subforum_count":0,"footnotes":""},"categories":[1,29],"tags":[],"class_list":["post-2361","post","type-post","status-publish","format-standard","hentry","category-general","category-portada"],"post_mailing_queue_ids":[],"_links":{"self":[{"href":"https:\/\/agora.xtec.cat\/iesvinyet\/wp-json\/wp\/v2\/posts\/2361","targetHints":{"allow":["GET"]}}],"collection":[{"href":"https:\/\/agora.xtec.cat\/iesvinyet\/wp-json\/wp\/v2\/posts"}],"about":[{"href":"https:\/\/agora.xtec.cat\/iesvinyet\/wp-json\/wp\/v2\/types\/post"}],"author":[{"embeddable":true,"href":"https:\/\/agora.xtec.cat\/iesvinyet\/wp-json\/wp\/v2\/users\/176"}],"replies":[{"embeddable":true,"href":"https:\/\/agora.xtec.cat\/iesvinyet\/wp-json\/wp\/v2\/comments?post=2361"}],"version-history":[{"count":1,"href":"https:\/\/agora.xtec.cat\/iesvinyet\/wp-json\/wp\/v2\/posts\/2361\/revisions"}],"predecessor-version":[{"id":2364,"href":"https:\/\/agora.xtec.cat\/iesvinyet\/wp-json\/wp\/v2\/posts\/2361\/revisions\/2364"}],"wp:attachment":[{"href":"https:\/\/agora.xtec.cat\/iesvinyet\/wp-json\/wp\/v2\/media?parent=2361"}],"wp:term":[{"taxonomy":"category","embeddable":true,"href":"https:\/\/agora.xtec.cat\/iesvinyet\/wp-json\/wp\/v2\/categories?post=2361"},{"taxonomy":"post_tag","embeddable":true,"href":"https:\/\/agora.xtec.cat\/iesvinyet\/wp-json\/wp\/v2\/tags?post=2361"}],"curies":[{"name":"wp","href":"https:\/\/api.w.org\/{rel}","templated":true}]}}