{"id":2356,"date":"2019-10-10T20:13:34","date_gmt":"2019-10-10T18:13:34","guid":{"rendered":"http:\/\/agora.xtec.cat\/iesvinyet\/?p=2356"},"modified":"2019-10-10T20:13:34","modified_gmt":"2019-10-10T18:13:34","slug":"us-hi-esperem-2","status":"publish","type":"post","link":"https:\/\/agora.xtec.cat\/iesvinyet\/general\/us-hi-esperem-2\/","title":{"rendered":"US HI ESPEREM!"},"content":{"rendered":"<p><b><span style=\"font-size: large;\">Dem\u00e0 \u00e9s el DIA!<\/span><\/b><\/p>\n<p>Dem\u00e0 \u00e9s el dia de la 7a edici\u00f3 de la <b><span style=\"font-size: large;\">cursa Nits de la Lluna Plena <\/span><\/b>a Sitges.<\/p>\n<p>Com sabeu, aquesta cursa t\u00e9 com a objectiu recollir fons pel Laboratori de Recerca del C\u00e0ncer Infantil de l&#8217;Hospital de Sant Joan de D\u00e9u de Barcelona.<\/p>\n<p>La cursa t\u00e9 una relaci\u00f3 for\u00e7a estreta amb l&#8217;Institut Vinyet, ja que l&#8217;organtizen els pares del Pol Lahoz, exalumne del nostre institut, que va patir aquesta\u00a0malaltia, el c\u00e0ncer infantil, malaltia contra la que va lluitar com un heroi per\u00f2 que, dissortadament, no va poder superar.<\/p>\n<p>Aquest any la cursa comen\u00e7a i acaba al nostre centre, l&#8217;Institut Vinyet. No cal dir que ens faria molta il\u00b7lusi\u00f3 poder compartir aquest esdeveniment amb tots vosaltres.<\/p>\n<p><b>ENCARA SOU A TEMPS DE FER LA VOSTRA INSCRIPCI\u00d3 <a href=\"http:\/\/llunaplenasitges.cronosports.com\/index.html\" target=\"_blank\" rel=\"noopener noreferrer\" data-saferedirecturl=\"https:\/\/www.google.com\/url?q=http:\/\/llunaplenasitges.cronosports.com\/index.html&amp;source=gmail&amp;ust=1570815658397000&amp;usg=AFQjCNE1GjVmN4b3GqQIn7DhT8uHff7HQg\">aqu\u00ed<\/a>.\u00a0\u00a0<\/b><\/p>\n<p>I us recordem que, tant si participeu a la cursa corrent o caminant, porteu una samarreta de color blau (els alumnes estareu molt pinxos amb la samarreta blava del centre) perqu\u00e8 entre tots puguem fer una gran onada blava.\u00a0 Porteu-la tamb\u00e9 els alumnes voluntaris!<\/p>\n<p>Dem\u00e0 divendres, <b>11 d&#8217;octubre<\/b>, a les\u00a0<b>21.00<\/b>,\u00a0<b>comptem amb vosaltres!<\/b><\/p>\n<div><\/div>\n<div><a href=\"https:\/\/agora.xtec.cat\/iesvinyet\/wp-content\/uploads\/usu987\/2019\/10\/Cursa-Lluna-plena-7a-edici\u00f3.png\"><img loading=\"lazy\" decoding=\"async\" class=\"alignnone  wp-image-2357\" src=\"https:\/\/agora.xtec.cat\/iesvinyet\/wp-content\/uploads\/usu987\/2019\/10\/Cursa-Lluna-plena-7a-edici\u00f3-300x123.png\" alt=\"\" width=\"327\" height=\"134\" srcset=\"https:\/\/agora.xtec.cat\/iesvinyet\/wp-content\/uploads\/usu987\/2019\/10\/Cursa-Lluna-plena-7a-edici\u00f3-300x123.png 300w, https:\/\/agora.xtec.cat\/iesvinyet\/wp-content\/uploads\/usu987\/2019\/10\/Cursa-Lluna-plena-7a-edici\u00f3-768x315.png 768w, https:\/\/agora.xtec.cat\/iesvinyet\/wp-content\/uploads\/usu987\/2019\/10\/Cursa-Lluna-plena-7a-edici\u00f3.png 870w\" sizes=\"auto, (max-width: 327px) 100vw, 327px\" \/><\/a><\/div>\n","protected":false},"excerpt":{"rendered":"<p>Dem\u00e0 \u00e9s el DIA!<br \/>\nDem\u00e0 \u00e9s el dia de la 7a edici\u00f3 de la cursa Nits de la Lluna Plena a Sitges.<br \/>\nCom sabeu, aquesta cursa t\u00e9 com a objectiu recollir fons pel Laboratori de Recerca del C\u00e0ncer Infantil de l&#8217;Hospital de Sant Joan de D\u00e9u de&hellip;  <a href=\"https:\/\/agora.xtec.cat\/iesvinyet\/general\/us-hi-esperem-2\/\" title=\"Read US HI ESPEREM!\">Llegeix m\u00e9s\u00bb<\/a><\/p>\n","protected":false},"author":176,"featured_media":0,"comment_status":"open","ping_status":"closed","sticky":false,"template":"","format":"standard","meta":{"_bbp_topic_count":0,"_bbp_reply_count":0,"_bbp_total_topic_count":0,"_bbp_total_reply_count":0,"_bbp_voice_count":0,"_bbp_anonymous_reply_count":0,"_bbp_topic_count_hidden":0,"_bbp_reply_count_hidden":0,"_bbp_forum_subforum_count":0,"footnotes":""},"categories":[1,163,29],"tags":[],"class_list":["post-2356","post","type-post","status-publish","format-standard","hentry","category-general","category-la-vida-al-centre","category-portada"],"post_mailing_queue_ids":[],"_links":{"self":[{"href":"https:\/\/agora.xtec.cat\/iesvinyet\/wp-json\/wp\/v2\/posts\/2356","targetHints":{"allow":["GET"]}}],"collection":[{"href":"https:\/\/agora.xtec.cat\/iesvinyet\/wp-json\/wp\/v2\/posts"}],"about":[{"href":"https:\/\/agora.xtec.cat\/iesvinyet\/wp-json\/wp\/v2\/types\/post"}],"author":[{"embeddable":true,"href":"https:\/\/agora.xtec.cat\/iesvinyet\/wp-json\/wp\/v2\/users\/176"}],"replies":[{"embeddable":true,"href":"https:\/\/agora.xtec.cat\/iesvinyet\/wp-json\/wp\/v2\/comments?post=2356"}],"version-history":[{"count":1,"href":"https:\/\/agora.xtec.cat\/iesvinyet\/wp-json\/wp\/v2\/posts\/2356\/revisions"}],"predecessor-version":[{"id":2358,"href":"https:\/\/agora.xtec.cat\/iesvinyet\/wp-json\/wp\/v2\/posts\/2356\/revisions\/2358"}],"wp:attachment":[{"href":"https:\/\/agora.xtec.cat\/iesvinyet\/wp-json\/wp\/v2\/media?parent=2356"}],"wp:term":[{"taxonomy":"category","embeddable":true,"href":"https:\/\/agora.xtec.cat\/iesvinyet\/wp-json\/wp\/v2\/categories?post=2356"},{"taxonomy":"post_tag","embeddable":true,"href":"https:\/\/agora.xtec.cat\/iesvinyet\/wp-json\/wp\/v2\/tags?post=2356"}],"curies":[{"name":"wp","href":"https:\/\/api.w.org\/{rel}","templated":true}]}}