{"id":2322,"date":"2019-06-17T11:22:08","date_gmt":"2019-06-17T09:22:08","guid":{"rendered":"http:\/\/agora.xtec.cat\/iesvinyet\/?p=2322"},"modified":"2019-06-20T15:10:40","modified_gmt":"2019-06-20T13:10:40","slug":"el-meu-desti","status":"publish","type":"post","link":"https:\/\/agora.xtec.cat\/iesvinyet\/general\/el-meu-desti\/","title":{"rendered":"&#8220;EL MEU DEST\u00cd&#8221;"},"content":{"rendered":"<p>El passat divendres, els alumnes de 3r d&#8217;ESO, que cursen la mat\u00e8ria optativa de Musical, acompanyats dels companys que cursen Coral i Malabars, van representar al Gimn\u00e0s de l&#8217;Institut el musical de creaci\u00f3 pr\u00f2pia &#8220;El meu dest\u00ed&#8221;, que tracta el tema dels refugiats i reflexiona sobre com la m\u00fasica, i l&#8217;art en general, \u00e9s una eina cohesionadora i integradora.El dijous ens van venir a veure els alumnes de 6\u00e8 de l&#8217;escola Maria Oss\u00f3, que esperem que gaudissin tant com nosaltres de l&#8217;espectacle.Gr\u00e0cies a tots. I enhorabona, artistes!<\/p>\n<div><\/div>\n<div><\/div>\n<div>\n<div><a href=\"https:\/\/photos.app.goo.gl\/R42Yv3o6axuaHP377\">GALERIA D&#8217;IMATGES<\/a><\/div>\n<\/div>\n<div><\/div>\n<div><\/div>\n<div><\/div>\n<div>\n<div><a href=\"https:\/\/agora.xtec.cat\/iesvinyet\/wp-content\/uploads\/usu987\/2019\/03\/musical-0014.jpg\"><img loading=\"lazy\" decoding=\"async\" class=\"alignleft size-medium wp-image-2321\" src=\"https:\/\/agora.xtec.cat\/iesvinyet\/wp-content\/uploads\/usu987\/2019\/03\/musical-0014-300x169.jpg\" alt=\"\" width=\"300\" height=\"169\" srcset=\"https:\/\/agora.xtec.cat\/iesvinyet\/wp-content\/uploads\/usu987\/2019\/03\/musical-0014-300x169.jpg 300w, https:\/\/agora.xtec.cat\/iesvinyet\/wp-content\/uploads\/usu987\/2019\/03\/musical-0014-768x432.jpg 768w, https:\/\/agora.xtec.cat\/iesvinyet\/wp-content\/uploads\/usu987\/2019\/03\/musical-0014-1024x576.jpg 1024w, https:\/\/agora.xtec.cat\/iesvinyet\/wp-content\/uploads\/usu987\/2019\/03\/musical-0014.jpg 1920w\" sizes=\"auto, (max-width: 300px) 100vw, 300px\" \/><\/a><\/div>\n<\/div>\n","protected":false},"excerpt":{"rendered":"<p>El passat divendres, els alumnes de 3r d&#8217;ESO, que cursen la mat\u00e8ria optativa de Musical, acompanyats dels companys que cursen Coral i Malabars, van representar al Gimn\u00e0s de l&#8217;Institut el musical de creaci\u00f3 pr\u00f2pia &#8220;El meu dest\u00ed&#8221;, que tracta el tema dels refugiats i reflexiona&hellip;  <a href=\"https:\/\/agora.xtec.cat\/iesvinyet\/general\/el-meu-desti\/\" title=\"Read &#8220;EL MEU DEST\u00cd&#8221;\">Llegeix m\u00e9s\u00bb<\/a><\/p>\n","protected":false},"author":13,"featured_media":0,"comment_status":"open","ping_status":"closed","sticky":false,"template":"","format":"standard","meta":{"_bbp_topic_count":0,"_bbp_reply_count":0,"_bbp_total_topic_count":0,"_bbp_total_reply_count":0,"_bbp_voice_count":0,"_bbp_anonymous_reply_count":0,"_bbp_topic_count_hidden":0,"_bbp_reply_count_hidden":0,"_bbp_forum_subforum_count":0,"footnotes":""},"categories":[66,3,1,29],"tags":[117],"class_list":["post-2322","post","type-post","status-publish","format-standard","hentry","category-activitats_sortides","category-eso","category-general","category-portada","tag-activitats"],"post_mailing_queue_ids":[],"_links":{"self":[{"href":"https:\/\/agora.xtec.cat\/iesvinyet\/wp-json\/wp\/v2\/posts\/2322","targetHints":{"allow":["GET"]}}],"collection":[{"href":"https:\/\/agora.xtec.cat\/iesvinyet\/wp-json\/wp\/v2\/posts"}],"about":[{"href":"https:\/\/agora.xtec.cat\/iesvinyet\/wp-json\/wp\/v2\/types\/post"}],"author":[{"embeddable":true,"href":"https:\/\/agora.xtec.cat\/iesvinyet\/wp-json\/wp\/v2\/users\/13"}],"replies":[{"embeddable":true,"href":"https:\/\/agora.xtec.cat\/iesvinyet\/wp-json\/wp\/v2\/comments?post=2322"}],"version-history":[{"count":3,"href":"https:\/\/agora.xtec.cat\/iesvinyet\/wp-json\/wp\/v2\/posts\/2322\/revisions"}],"predecessor-version":[{"id":2325,"href":"https:\/\/agora.xtec.cat\/iesvinyet\/wp-json\/wp\/v2\/posts\/2322\/revisions\/2325"}],"wp:attachment":[{"href":"https:\/\/agora.xtec.cat\/iesvinyet\/wp-json\/wp\/v2\/media?parent=2322"}],"wp:term":[{"taxonomy":"category","embeddable":true,"href":"https:\/\/agora.xtec.cat\/iesvinyet\/wp-json\/wp\/v2\/categories?post=2322"},{"taxonomy":"post_tag","embeddable":true,"href":"https:\/\/agora.xtec.cat\/iesvinyet\/wp-json\/wp\/v2\/tags?post=2322"}],"curies":[{"name":"wp","href":"https:\/\/api.w.org\/{rel}","templated":true}]}}