{"id":2315,"date":"2019-06-03T18:06:13","date_gmt":"2019-06-03T16:06:13","guid":{"rendered":"http:\/\/agora.xtec.cat\/iesvinyet\/?p=2315"},"modified":"2019-06-03T18:06:13","modified_gmt":"2019-06-03T16:06:13","slug":"santa-susanna-2019","status":"publish","type":"post","link":"https:\/\/agora.xtec.cat\/iesvinyet\/general\/santa-susanna-2019\/","title":{"rendered":"SANTA SUSANNA 2019"},"content":{"rendered":"<p>Els alumnes de 2n d&#8217;ESO comencen avui una setmana d&#8217;immersi\u00f3 ling\u00fc\u00edstica en angl\u00e8s, fent activitats esportives, d&#8217;aventura i de cohesi\u00f3 de grup, envoltats de natura.<\/p>\n<p><a href=\"https:\/\/agora.xtec.cat\/iesvinyet\/wp-content\/uploads\/usu987\/2019\/06\/IMG-20190603-WA0008.jpg\"><img loading=\"lazy\" decoding=\"async\" class=\"alignleft size-medium wp-image-2316\" src=\"https:\/\/agora.xtec.cat\/iesvinyet\/wp-content\/uploads\/usu987\/2019\/06\/IMG-20190603-WA0008-300x169.jpg\" alt=\"\" width=\"300\" height=\"169\" srcset=\"https:\/\/agora.xtec.cat\/iesvinyet\/wp-content\/uploads\/usu987\/2019\/06\/IMG-20190603-WA0008-300x169.jpg 300w, https:\/\/agora.xtec.cat\/iesvinyet\/wp-content\/uploads\/usu987\/2019\/06\/IMG-20190603-WA0008-768x432.jpg 768w, https:\/\/agora.xtec.cat\/iesvinyet\/wp-content\/uploads\/usu987\/2019\/06\/IMG-20190603-WA0008-1024x576.jpg 1024w, https:\/\/agora.xtec.cat\/iesvinyet\/wp-content\/uploads\/usu987\/2019\/06\/IMG-20190603-WA0008.jpg 1600w\" sizes=\"auto, (max-width: 300px) 100vw, 300px\" \/><\/a><\/p>\n<p><em>*La galeria d&#8217;imatges s&#8217;anir\u00e0 ampliant durant la setman<\/em>a.<\/p>\n<p><a href=\"https:\/\/photos.app.goo.gl\/wCv8XBzUQvLxJE4RA\">GALERIA<\/a><\/p>\n","protected":false},"excerpt":{"rendered":"<p>Els alumnes de 2n d&#8217;ESO comencen avui una setmana d&#8217;immersi\u00f3 ling\u00fc\u00edstica en angl\u00e8s, fent activitats esportives, d&#8217;aventura i de cohesi\u00f3 de grup, envoltats de natura.<br \/>\n<a href=\"https:\/\/agora.xtec.cat\/iesvinyet\/wp-content\/uploads\/usu987\/2019\/06\/IMG-20190603-WA0008.jpg\"><\/a><br \/>\n*La galeria d&#8217;imatges s&#8217;anir\u00e0 ampliant durant la setmana.<br \/>\n<a href=\"https:\/\/photos.app.goo.gl\/wCv8XBzUQvLxJE4RA\">GALERIA<\/a><\/p>\n","protected":false},"author":13,"featured_media":0,"comment_status":"open","ping_status":"closed","sticky":false,"template":"","format":"standard","meta":{"_bbp_topic_count":0,"_bbp_reply_count":0,"_bbp_total_topic_count":0,"_bbp_total_reply_count":0,"_bbp_voice_count":0,"_bbp_anonymous_reply_count":0,"_bbp_topic_count_hidden":0,"_bbp_reply_count_hidden":0,"_bbp_forum_subforum_count":0,"footnotes":""},"categories":[3,1,29],"tags":[117,39],"class_list":["post-2315","post","type-post","status-publish","format-standard","hentry","category-eso","category-general","category-portada","tag-activitats","tag-sortides"],"post_mailing_queue_ids":[],"_links":{"self":[{"href":"https:\/\/agora.xtec.cat\/iesvinyet\/wp-json\/wp\/v2\/posts\/2315","targetHints":{"allow":["GET"]}}],"collection":[{"href":"https:\/\/agora.xtec.cat\/iesvinyet\/wp-json\/wp\/v2\/posts"}],"about":[{"href":"https:\/\/agora.xtec.cat\/iesvinyet\/wp-json\/wp\/v2\/types\/post"}],"author":[{"embeddable":true,"href":"https:\/\/agora.xtec.cat\/iesvinyet\/wp-json\/wp\/v2\/users\/13"}],"replies":[{"embeddable":true,"href":"https:\/\/agora.xtec.cat\/iesvinyet\/wp-json\/wp\/v2\/comments?post=2315"}],"version-history":[{"count":1,"href":"https:\/\/agora.xtec.cat\/iesvinyet\/wp-json\/wp\/v2\/posts\/2315\/revisions"}],"predecessor-version":[{"id":2317,"href":"https:\/\/agora.xtec.cat\/iesvinyet\/wp-json\/wp\/v2\/posts\/2315\/revisions\/2317"}],"wp:attachment":[{"href":"https:\/\/agora.xtec.cat\/iesvinyet\/wp-json\/wp\/v2\/media?parent=2315"}],"wp:term":[{"taxonomy":"category","embeddable":true,"href":"https:\/\/agora.xtec.cat\/iesvinyet\/wp-json\/wp\/v2\/categories?post=2315"},{"taxonomy":"post_tag","embeddable":true,"href":"https:\/\/agora.xtec.cat\/iesvinyet\/wp-json\/wp\/v2\/tags?post=2315"}],"curies":[{"name":"wp","href":"https:\/\/api.w.org\/{rel}","templated":true}]}}