{"id":2310,"date":"2019-05-31T11:24:09","date_gmt":"2019-05-31T09:24:09","guid":{"rendered":"http:\/\/agora.xtec.cat\/iesvinyet\/?p=2310"},"modified":"2019-05-31T11:24:47","modified_gmt":"2019-05-31T09:24:47","slug":"descobrint-roma-per-anna-pons","status":"publish","type":"post","link":"https:\/\/agora.xtec.cat\/iesvinyet\/general\/descobrint-roma-per-anna-pons\/","title":{"rendered":"DESCOBRINT ROMA per Anna Pons"},"content":{"rendered":"<p>&nbsp;<\/p>\n<p><a href=\"https:\/\/agora.xtec.cat\/iesvinyet\/wp-content\/uploads\/usu987\/2019\/05\/IMG_20190409_183504_231_opt.jpg\"><img loading=\"lazy\" decoding=\"async\" class=\"alignleft size-medium wp-image-2312\" src=\"https:\/\/agora.xtec.cat\/iesvinyet\/wp-content\/uploads\/usu987\/2019\/05\/IMG_20190409_183504_231_opt-300x225.jpg\" alt=\"\" width=\"300\" height=\"225\" srcset=\"https:\/\/agora.xtec.cat\/iesvinyet\/wp-content\/uploads\/usu987\/2019\/05\/IMG_20190409_183504_231_opt-300x225.jpg 300w, https:\/\/agora.xtec.cat\/iesvinyet\/wp-content\/uploads\/usu987\/2019\/05\/IMG_20190409_183504_231_opt-200x150.jpg 200w, https:\/\/agora.xtec.cat\/iesvinyet\/wp-content\/uploads\/usu987\/2019\/05\/IMG_20190409_183504_231_opt.jpg 400w\" sizes=\"auto, (max-width: 300px) 100vw, 300px\" \/><\/a>Com cada any, els\u00a0<span style=\"font-family: inherit; font-size: 1em;\"> tutors de\u00a0<\/span>\u00a0quart organitzen un viatge a la capital d\u2019It\u00e0lia per commemorar la fi de l\u2019ESO i durant quatre dies submergir-nos en una de les ciutats amb m\u00e9s hist\u00f2ria i cultura del m\u00f3n.<\/p>\n<p>El viatge comen\u00e7a el dia 7 a les 4:30 del mat\u00ed el primer torn i a les 7:00 el segon, amb la sortida del bus cap a l\u2019aeroport i acaba la nit del dia 11. Aix\u00f2 planteja l\u2019enigma de \u201cCom se suposa que veurem la immensa ciutat en tan poc temps?\u201d; la resposta \u00e9s simple: explotant els nens amunt i avall amb guies privats, visites a museus prestigiosos, restaurants al gust i amb hotels de quatre estrelles&#8230;S\u2019ha d&#8217;afegir que ens donaran dessuadores personalitzades. Quin esc\u00e0ndol!<\/p>\n<p>Vaig comen\u00e7ar a escriure aquesta entrada just abans del viatge i, encara que m\u2019havia imaginat les caminades que ens farien fer i la possible depend\u00e8ncia juvenil de la cafe\u00efna per estar desperts, no estava del tot preparada. Els estudiants estaven dividits e<\/p>\n<p style=\"font-family: 'Helvetica Neue', Helvetica, Helvetica, Arial, sans-serif; font-size: 16px;\"><span style=\"font-family: inherit; font-size: 1em;\">n dos grups, dels quals nom\u00e9s els m\u00e9s matiners van arribar b\u00e9. Els altres, per\u00f2, comen\u00e7aven amb bon peu: una de les maletes va ser accidentalment segrestada per un guiri americ\u00e0, sumat a un retard d\u2019enlairament de l\u2019avi\u00f3 pe<\/span><span style=\"font-family: inherit; font-size: 1em;\">r problemes t\u00e8cnics i acabat en l\u2019abandonament del bus que els esperava un cop a la ciutat. Tot i aix\u00ed, van poder arribar a la preciosa ciutat de Roma i el primer que van fer \u00e9s dinar en els redu\u00eft-men\u00fa-nom\u00e9s-pizza-i-pasta-dona-gr\u00e0cies restaurants trobats arreu, a les 16:30 de la tarda. Els altres, per\u00f2, vam arribar de bon mat\u00ed amb un sol fant\u00e0stic, de bon humor,\u00a0 amb ganes d\u2019explorar la ciutat abans de dinar i el que m\u00e9s ens va sorprendre \u00e9s veure tanta hospitalitat per part dels italians amb el sector femen\u00ed. El nostre hotel, el Grand Hotel Olympic, estava situat a 10 minuts caminant del Vatic\u00e0, aix\u00ed que passar-hi per davant o travessar-lo era casi una obligaci\u00f3 di\u00e0ria. El que no ho hauria d\u2019haver sigut, s\u00f3n les caminates nocturnes abans esmentades que, despr\u00e9s d\u2019un llarg i esgotador dia, els profe<\/span><\/p>\n<p style=\"font-family: 'Helvetica Neue', Helvetica, Helvetica, Arial, sans-serif; font-size: 16px;\"><span style=\"font-family: inherit; font-size: 1em;\">ssors s\u2019il\u00b7luminaven i ens arrossegaven a fer uns quants quil\u00f2metres de m\u00e9s. Per\u00f2 tot s\u2019ha de dir, el cardio que f\u00e8iem compensava menjar tanta pasta i pizza i ens salvaven\u00a0 d\u2019haver de tornar rodolant semblant una cinquantena de Bocche di Verit\u00e0 en massa.<\/span><\/p>\n<p>Amb un itinerari tan complet<span style=\"font-family: inherit; font-size: 1em;\">\u00a0amb sort ten\u00edem temps per descansar, i aprofit\u00e0vem aquests pocs minuts tirats en bancs, a la gespa de le<\/span><span style=\"font-family: inherit; font-size: 1em;\">s runes, fent amics guiris o molestant els professors. Diguem que el viatge ens va proporcionar gran actitud\u00a0 d\u2019excursionistes intr\u00e8pids\u2026<\/span><\/p>\n<p>Encara que vam a anar a\u00a0<span style=\"font-family: inherit; font-size: 1em;\">\u00a0llocs tan m\u00edtics com el Coliseu, la Fontana de Trevi o la Basilica di San Pietro in Vincoli, el que m\u00e9s em va cridar l\u2019atenci\u00f3 van ser els Museus del Vatic\u00e0. All\u00e0 vam tenir una gu\u00eda molt s<\/span>imp\u00e0tica que ens anava explicant\u00a0 les diferents obres exposades a les parets i la immensitat de cambres obertes al p\u00fablic que oferien, cada una m\u00e9s bonica que l\u2019altra. Contr\u00e0riament all\u00f2 que pensava, la Capella\u00a0 Sixtina no \u00e9s el princi<span style=\"font-family: inherit; font-size: 1em;\">pal centre d\u2019exposici\u00f3, em vaig trobar mirant les parets i els sostres dels passadissos com una tonta incapa\u00e7 de reteni<\/span><span style=\"font-family: inherit; font-size: 1em;\">r tanta informaci\u00f3 (la guia anava vomitant dades com una p\u00e0gina de google) i intentar relacionar-la amb el que veia. Sincerament, aquell esplendor d\u2019art em va deixar un mal de cap important. Per\u00f2 en el millor sentit de l\u2019expressi\u00f3&#8230;<\/span><\/p>\n<p>En conclusi\u00f3, incre\u00efble viatge, millor companyia i insuperables dinars, espero que per a la seg\u00fcent promoci\u00f3 es repeteixi i tinguin tanta sort amb el professorat com nosaltres.<\/p>\n<p>&nbsp;<\/p>\n","protected":false},"excerpt":{"rendered":"<p>&nbsp;<br \/>\n<a href=\"https:\/\/agora.xtec.cat\/iesvinyet\/wp-content\/uploads\/usu987\/2019\/05\/IMG_20190409_183504_231_opt.jpg\"><\/a>Com cada any, els\u00a0 tutors de\u00a0\u00a0quart organitzen un viatge a la capital d\u2019It\u00e0lia per commemorar la fi de l\u2019ESO i durant quatre dies submergir-nos en una de les ciutats amb m\u00e9s hist\u00f2ria i cultura del m\u00f3n.<br \/>\nEl viatge comen\u00e7a el dia 7 a les 4:30&hellip;  <a href=\"https:\/\/agora.xtec.cat\/iesvinyet\/general\/descobrint-roma-per-anna-pons\/\" title=\"Read DESCOBRINT ROMA per Anna Pons\">Llegeix m\u00e9s\u00bb<\/a><\/p>\n","protected":false},"author":13,"featured_media":0,"comment_status":"open","ping_status":"closed","sticky":false,"template":"","format":"standard","meta":{"_bbp_topic_count":0,"_bbp_reply_count":0,"_bbp_total_topic_count":0,"_bbp_total_reply_count":0,"_bbp_voice_count":0,"_bbp_anonymous_reply_count":0,"_bbp_topic_count_hidden":0,"_bbp_reply_count_hidden":0,"_bbp_forum_subforum_count":0,"footnotes":""},"categories":[66,3,1,29],"tags":[117],"class_list":["post-2310","post","type-post","status-publish","format-standard","hentry","category-activitats_sortides","category-eso","category-general","category-portada","tag-activitats"],"post_mailing_queue_ids":[],"_links":{"self":[{"href":"https:\/\/agora.xtec.cat\/iesvinyet\/wp-json\/wp\/v2\/posts\/2310","targetHints":{"allow":["GET"]}}],"collection":[{"href":"https:\/\/agora.xtec.cat\/iesvinyet\/wp-json\/wp\/v2\/posts"}],"about":[{"href":"https:\/\/agora.xtec.cat\/iesvinyet\/wp-json\/wp\/v2\/types\/post"}],"author":[{"embeddable":true,"href":"https:\/\/agora.xtec.cat\/iesvinyet\/wp-json\/wp\/v2\/users\/13"}],"replies":[{"embeddable":true,"href":"https:\/\/agora.xtec.cat\/iesvinyet\/wp-json\/wp\/v2\/comments?post=2310"}],"version-history":[{"count":2,"href":"https:\/\/agora.xtec.cat\/iesvinyet\/wp-json\/wp\/v2\/posts\/2310\/revisions"}],"predecessor-version":[{"id":2314,"href":"https:\/\/agora.xtec.cat\/iesvinyet\/wp-json\/wp\/v2\/posts\/2310\/revisions\/2314"}],"wp:attachment":[{"href":"https:\/\/agora.xtec.cat\/iesvinyet\/wp-json\/wp\/v2\/media?parent=2310"}],"wp:term":[{"taxonomy":"category","embeddable":true,"href":"https:\/\/agora.xtec.cat\/iesvinyet\/wp-json\/wp\/v2\/categories?post=2310"},{"taxonomy":"post_tag","embeddable":true,"href":"https:\/\/agora.xtec.cat\/iesvinyet\/wp-json\/wp\/v2\/tags?post=2310"}],"curies":[{"name":"wp","href":"https:\/\/api.w.org\/{rel}","templated":true}]}}