{"id":2298,"date":"2019-05-18T18:48:25","date_gmt":"2019-05-18T16:48:25","guid":{"rendered":"http:\/\/agora.xtec.cat\/iesvinyet\/?p=2298"},"modified":"2019-05-18T18:53:40","modified_gmt":"2019-05-18T16:53:40","slug":"participem-a-la-trobada-de-corals-de-catalunya","status":"publish","type":"post","link":"https:\/\/agora.xtec.cat\/iesvinyet\/general\/participem-a-la-trobada-de-corals-de-catalunya\/","title":{"rendered":"PARTICIPEM A LA TROBADA DE CORALS DE CATALUNYA"},"content":{"rendered":"<p><iframe loading=\"lazy\" src=\"\/\/www.youtube.com\/embed\/6Nhac_RHNWA\" width=\"560\" height=\"315\" frameborder=\"0\" allowfullscreen=\"allowfullscreen\"><\/iframe><\/p>\n<div>\n<div><\/div>\n<\/div>\n<p>La Coral de l&#8217;Institut Vinyet va participar el passat 9 de maig a la 25a Trobada de Corals de Catalunya. L&#8217;acte es va celebrar a Cervera i va ser retransm\u00e8s per TV3.<br \/>\nEls alumnes que formen part de la Coral, acompanyats per alumnat de 4t d&#8217;ESO que cursa la mat\u00e8ria de M\u00fasica, van poder gaudir d&#8217;una jornada especial i musical, en qu\u00e8 van compartir experi\u00e8ncies i sensacions.<\/p>\n<div><\/div>\n<div><\/div>\n<div><a href=\"https:\/\/photos.app.goo.gl\/U7txf5MC6J5BN5JX6\">GALERIA D&#8217;IMATGES<\/a><\/div>\n","protected":false},"excerpt":{"rendered":"<p>La Coral de l&#8217;Institut Vinyet va participar el passat 9 de maig a la 25a Trobada de Corals de Catalunya. L&#8217;acte es va celebrar a Cervera i va ser retransm\u00e8s per TV3.<br \/>\nEls alumnes que formen part de la Coral, acompanyats per alumnat de 4t d&#8217;ESO&hellip;  <a href=\"https:\/\/agora.xtec.cat\/iesvinyet\/general\/participem-a-la-trobada-de-corals-de-catalunya\/\" title=\"Read PARTICIPEM A LA TROBADA DE CORALS DE CATALUNYA\">Llegeix m\u00e9s\u00bb<\/a><\/p>\n","protected":false},"author":13,"featured_media":0,"comment_status":"open","ping_status":"closed","sticky":false,"template":"","format":"standard","meta":{"_bbp_topic_count":0,"_bbp_reply_count":0,"_bbp_total_topic_count":0,"_bbp_total_reply_count":0,"_bbp_voice_count":0,"_bbp_anonymous_reply_count":0,"_bbp_topic_count_hidden":0,"_bbp_reply_count_hidden":0,"_bbp_forum_subforum_count":0,"footnotes":""},"categories":[66,3,1,29],"tags":[117,39],"class_list":["post-2298","post","type-post","status-publish","format-standard","hentry","category-activitats_sortides","category-eso","category-general","category-portada","tag-activitats","tag-sortides"],"post_mailing_queue_ids":[],"_links":{"self":[{"href":"https:\/\/agora.xtec.cat\/iesvinyet\/wp-json\/wp\/v2\/posts\/2298","targetHints":{"allow":["GET"]}}],"collection":[{"href":"https:\/\/agora.xtec.cat\/iesvinyet\/wp-json\/wp\/v2\/posts"}],"about":[{"href":"https:\/\/agora.xtec.cat\/iesvinyet\/wp-json\/wp\/v2\/types\/post"}],"author":[{"embeddable":true,"href":"https:\/\/agora.xtec.cat\/iesvinyet\/wp-json\/wp\/v2\/users\/13"}],"replies":[{"embeddable":true,"href":"https:\/\/agora.xtec.cat\/iesvinyet\/wp-json\/wp\/v2\/comments?post=2298"}],"version-history":[{"count":3,"href":"https:\/\/agora.xtec.cat\/iesvinyet\/wp-json\/wp\/v2\/posts\/2298\/revisions"}],"predecessor-version":[{"id":2301,"href":"https:\/\/agora.xtec.cat\/iesvinyet\/wp-json\/wp\/v2\/posts\/2298\/revisions\/2301"}],"wp:attachment":[{"href":"https:\/\/agora.xtec.cat\/iesvinyet\/wp-json\/wp\/v2\/media?parent=2298"}],"wp:term":[{"taxonomy":"category","embeddable":true,"href":"https:\/\/agora.xtec.cat\/iesvinyet\/wp-json\/wp\/v2\/categories?post=2298"},{"taxonomy":"post_tag","embeddable":true,"href":"https:\/\/agora.xtec.cat\/iesvinyet\/wp-json\/wp\/v2\/tags?post=2298"}],"curies":[{"name":"wp","href":"https:\/\/api.w.org\/{rel}","templated":true}]}}