{"id":2291,"date":"2019-05-16T12:54:46","date_gmt":"2019-05-16T10:54:46","guid":{"rendered":"http:\/\/agora.xtec.cat\/iesvinyet\/?p=2291"},"modified":"2019-05-16T13:55:44","modified_gmt":"2019-05-16T11:55:44","slug":"sortida-mon-sant-benet-2n-eso","status":"publish","type":"post","link":"https:\/\/agora.xtec.cat\/iesvinyet\/general\/sortida-mon-sant-benet-2n-eso\/","title":{"rendered":"SORTIDA M\u00d3N SANT BENET 2n ESO"},"content":{"rendered":"<p><a href=\"https:\/\/photos.app.goo.gl\/mLH3ms22iDpWCgcR8\"><img loading=\"lazy\" decoding=\"async\" class=\"alignnone size-medium wp-image-2292\" src=\"https:\/\/agora.xtec.cat\/iesvinyet\/wp-content\/uploads\/usu987\/2019\/05\/esferificacions-COLLAGE-300x300.jpg\" alt=\"\" width=\"300\" height=\"300\" srcset=\"https:\/\/agora.xtec.cat\/iesvinyet\/wp-content\/uploads\/usu987\/2019\/05\/esferificacions-COLLAGE-300x300.jpg 300w, https:\/\/agora.xtec.cat\/iesvinyet\/wp-content\/uploads\/usu987\/2019\/05\/esferificacions-COLLAGE-150x150.jpg 150w, https:\/\/agora.xtec.cat\/iesvinyet\/wp-content\/uploads\/usu987\/2019\/05\/esferificacions-COLLAGE-768x768.jpg 768w, https:\/\/agora.xtec.cat\/iesvinyet\/wp-content\/uploads\/usu987\/2019\/05\/esferificacions-COLLAGE-1024x1024.jpg 1024w, https:\/\/agora.xtec.cat\/iesvinyet\/wp-content\/uploads\/usu987\/2019\/05\/esferificacions-COLLAGE.jpg 2046w\" sizes=\"auto, (max-width: 300px) 100vw, 300px\" \/><\/a><\/p>\n<p>&#8220;Els alumnes de 2n d\u2019ESO han visitat l\u2019espai del M\u00f3n Sant Benet i la Fundaci\u00f3 Al\u00edcia a Sant Fruit\u00f3s del Bages. La sortida s\u2019emmarca dins les programacions de Ci\u00e8ncies Socials i F\u00edsica i Qu\u00edmica.<\/p>\n<p>Amb el taller\u00a0<strong>Setci\u00e8ncies a la cuina,\u00a0<\/strong><strong>han \u00a0fet de cient\u00edfics<\/strong><em>\u00a0<\/em><em>i de cuiners creatius\u00a0<\/em><em>com el \u00a0Ferran Adri\u00e0. Amb\u00a0<\/em><strong>El misteri de Sant Benet, \u00a0<\/strong>joc d&#8217;investigaci\u00f3 , han descobert\u00a0 la hist\u00f2ria del monestir i\u00a0l&#8217;assass\u00ed\u00a0misteri\u00f3s.&#8221;<\/p>\n","protected":false},"excerpt":{"rendered":"<p><a href=\"https:\/\/photos.app.goo.gl\/mLH3ms22iDpWCgcR8\"><\/a><br \/>\n&#8220;Els alumnes de 2n d\u2019ESO han visitat l\u2019espai del M\u00f3n Sant Benet i la Fundaci\u00f3 Al\u00edcia a Sant Fruit\u00f3s del Bages. La sortida s\u2019emmarca dins les programacions de Ci\u00e8ncies Socials i F\u00edsica i Qu\u00edmica.<br \/>\nAmb el taller\u00a0Setci\u00e8ncies a la cuina,\u00a0han \u00a0fet de cient\u00edfics\u00a0i de cuiners&hellip;  <a href=\"https:\/\/agora.xtec.cat\/iesvinyet\/general\/sortida-mon-sant-benet-2n-eso\/\" title=\"Read SORTIDA M\u00d3N SANT BENET 2n ESO\">Llegeix m\u00e9s\u00bb<\/a><\/p>\n","protected":false},"author":13,"featured_media":2292,"comment_status":"open","ping_status":"closed","sticky":false,"template":"","format":"standard","meta":{"_bbp_topic_count":0,"_bbp_reply_count":0,"_bbp_total_topic_count":0,"_bbp_total_reply_count":0,"_bbp_voice_count":0,"_bbp_anonymous_reply_count":0,"_bbp_topic_count_hidden":0,"_bbp_reply_count_hidden":0,"_bbp_forum_subforum_count":0,"footnotes":""},"categories":[66,3,1,29],"tags":[117,62,39,58],"class_list":["post-2291","post","type-post","status-publish","format-standard","has-post-thumbnail","hentry","category-activitats_sortides","category-eso","category-general","category-portada","tag-activitats","tag-foment-cientific","tag-sortides","tag-tallers"],"post_mailing_queue_ids":[],"_links":{"self":[{"href":"https:\/\/agora.xtec.cat\/iesvinyet\/wp-json\/wp\/v2\/posts\/2291","targetHints":{"allow":["GET"]}}],"collection":[{"href":"https:\/\/agora.xtec.cat\/iesvinyet\/wp-json\/wp\/v2\/posts"}],"about":[{"href":"https:\/\/agora.xtec.cat\/iesvinyet\/wp-json\/wp\/v2\/types\/post"}],"author":[{"embeddable":true,"href":"https:\/\/agora.xtec.cat\/iesvinyet\/wp-json\/wp\/v2\/users\/13"}],"replies":[{"embeddable":true,"href":"https:\/\/agora.xtec.cat\/iesvinyet\/wp-json\/wp\/v2\/comments?post=2291"}],"version-history":[{"count":3,"href":"https:\/\/agora.xtec.cat\/iesvinyet\/wp-json\/wp\/v2\/posts\/2291\/revisions"}],"predecessor-version":[{"id":2297,"href":"https:\/\/agora.xtec.cat\/iesvinyet\/wp-json\/wp\/v2\/posts\/2291\/revisions\/2297"}],"wp:featuredmedia":[{"embeddable":true,"href":"https:\/\/agora.xtec.cat\/iesvinyet\/wp-json\/wp\/v2\/media\/2292"}],"wp:attachment":[{"href":"https:\/\/agora.xtec.cat\/iesvinyet\/wp-json\/wp\/v2\/media?parent=2291"}],"wp:term":[{"taxonomy":"category","embeddable":true,"href":"https:\/\/agora.xtec.cat\/iesvinyet\/wp-json\/wp\/v2\/categories?post=2291"},{"taxonomy":"post_tag","embeddable":true,"href":"https:\/\/agora.xtec.cat\/iesvinyet\/wp-json\/wp\/v2\/tags?post=2291"}],"curies":[{"name":"wp","href":"https:\/\/api.w.org\/{rel}","templated":true}]}}