{"id":2245,"date":"2019-04-04T20:21:07","date_gmt":"2019-04-04T18:21:07","guid":{"rendered":"http:\/\/agora.xtec.cat\/iesvinyet\/?p=2245"},"modified":"2019-04-04T20:21:07","modified_gmt":"2019-04-04T18:21:07","slug":"propera-parada-madrid","status":"publish","type":"post","link":"https:\/\/agora.xtec.cat\/iesvinyet\/general\/propera-parada-madrid\/","title":{"rendered":"PROPERA PARADA: MADRID!"},"content":{"rendered":"<p>Aquest mat\u00ed han marxat cap a <strong>Madrid<\/strong> quatre alumnes de 1r de batxillerat que cursen la mat\u00e8ria d&#8217;<strong>Economia de l&#8217;Empresa<\/strong>. Acompanyades per l&#8217;Elisa Lanuza i per la professora de la mat\u00e8ria, Nerea Miralles, participaran a la <strong>final nacional<\/strong> de <strong>Young Business Talents<\/strong>, un simulador empresarial que permet a l&#8217;alumnat practicar en la presa de tot tipus de decisions empresarials.<\/p>\n<p>L&#8217;<strong>Eva Abad<\/strong>, la <strong>Carla Carbonell<\/strong>, la <strong>J\u00falia Carbonell<\/strong> i la <strong>Blanca Mor\u00e1n<\/strong> han creat la seva <strong>pr\u00f2pia empresa<\/strong> i han aconseguit classificar-se en <strong>12\u00e8 lloc<\/strong> a la final regional, en la qual hi participaven 270 centres educatius.<\/p>\n<p>Dem\u00e0, des de Madrid, intentaran quedar en una bona posici\u00f3 competint entre les <strong>100 millors empreses de tot l&#8217;Estat<\/strong>.<\/p>\n<p>Us desitgem <strong>molt\u00edssima sort<\/strong>, noies!<\/p>\n<p><a href=\"https:\/\/agora.xtec.cat\/iesvinyet\/wp-content\/uploads\/usu987\/2019\/04\/PHOTO-2019-04-04-08-36-19.jpg\"><img loading=\"lazy\" decoding=\"async\" class=\"alignnone size-medium wp-image-2246\" src=\"https:\/\/agora.xtec.cat\/iesvinyet\/wp-content\/uploads\/usu987\/2019\/04\/PHOTO-2019-04-04-08-36-19-300x225.jpg\" alt=\"\" width=\"300\" height=\"225\" srcset=\"https:\/\/agora.xtec.cat\/iesvinyet\/wp-content\/uploads\/usu987\/2019\/04\/PHOTO-2019-04-04-08-36-19-300x225.jpg 300w, https:\/\/agora.xtec.cat\/iesvinyet\/wp-content\/uploads\/usu987\/2019\/04\/PHOTO-2019-04-04-08-36-19-768x576.jpg 768w, https:\/\/agora.xtec.cat\/iesvinyet\/wp-content\/uploads\/usu987\/2019\/04\/PHOTO-2019-04-04-08-36-19-1024x768.jpg 1024w, https:\/\/agora.xtec.cat\/iesvinyet\/wp-content\/uploads\/usu987\/2019\/04\/PHOTO-2019-04-04-08-36-19-200x150.jpg 200w, https:\/\/agora.xtec.cat\/iesvinyet\/wp-content\/uploads\/usu987\/2019\/04\/PHOTO-2019-04-04-08-36-19.jpg 1599w\" sizes=\"auto, (max-width: 300px) 100vw, 300px\" \/><\/a><\/p>\n","protected":false},"excerpt":{"rendered":"<p>Aquest mat\u00ed han marxat cap a Madrid quatre alumnes de 1r de batxillerat que cursen la mat\u00e8ria d&#8217;Economia de l&#8217;Empresa. Acompanyades per l&#8217;Elisa Lanuza i per la professora de la mat\u00e8ria, Nerea Miralles, participaran a la final nacional de Young Business Talents, un simulador empresarial&hellip;  <a href=\"https:\/\/agora.xtec.cat\/iesvinyet\/general\/propera-parada-madrid\/\" title=\"Read PROPERA PARADA: MADRID!\">Llegeix m\u00e9s\u00bb<\/a><\/p>\n","protected":false},"author":176,"featured_media":0,"comment_status":"open","ping_status":"closed","sticky":false,"template":"","format":"standard","meta":{"_bbp_topic_count":0,"_bbp_reply_count":0,"_bbp_total_topic_count":0,"_bbp_total_reply_count":0,"_bbp_voice_count":0,"_bbp_anonymous_reply_count":0,"_bbp_topic_count_hidden":0,"_bbp_reply_count_hidden":0,"_bbp_forum_subforum_count":0,"footnotes":""},"categories":[8,1,29],"tags":[],"class_list":["post-2245","post","type-post","status-publish","format-standard","hentry","category-batxillerat","category-general","category-portada"],"post_mailing_queue_ids":[],"_links":{"self":[{"href":"https:\/\/agora.xtec.cat\/iesvinyet\/wp-json\/wp\/v2\/posts\/2245","targetHints":{"allow":["GET"]}}],"collection":[{"href":"https:\/\/agora.xtec.cat\/iesvinyet\/wp-json\/wp\/v2\/posts"}],"about":[{"href":"https:\/\/agora.xtec.cat\/iesvinyet\/wp-json\/wp\/v2\/types\/post"}],"author":[{"embeddable":true,"href":"https:\/\/agora.xtec.cat\/iesvinyet\/wp-json\/wp\/v2\/users\/176"}],"replies":[{"embeddable":true,"href":"https:\/\/agora.xtec.cat\/iesvinyet\/wp-json\/wp\/v2\/comments?post=2245"}],"version-history":[{"count":1,"href":"https:\/\/agora.xtec.cat\/iesvinyet\/wp-json\/wp\/v2\/posts\/2245\/revisions"}],"predecessor-version":[{"id":2247,"href":"https:\/\/agora.xtec.cat\/iesvinyet\/wp-json\/wp\/v2\/posts\/2245\/revisions\/2247"}],"wp:attachment":[{"href":"https:\/\/agora.xtec.cat\/iesvinyet\/wp-json\/wp\/v2\/media?parent=2245"}],"wp:term":[{"taxonomy":"category","embeddable":true,"href":"https:\/\/agora.xtec.cat\/iesvinyet\/wp-json\/wp\/v2\/categories?post=2245"},{"taxonomy":"post_tag","embeddable":true,"href":"https:\/\/agora.xtec.cat\/iesvinyet\/wp-json\/wp\/v2\/tags?post=2245"}],"curies":[{"name":"wp","href":"https:\/\/api.w.org\/{rel}","templated":true}]}}