{"id":2238,"date":"2019-04-01T12:54:56","date_gmt":"2019-04-01T10:54:56","guid":{"rendered":"http:\/\/agora.xtec.cat\/iesvinyet\/?p=2238"},"modified":"2019-04-01T12:54:56","modified_gmt":"2019-04-01T10:54:56","slug":"la-vida-marina","status":"publish","type":"post","link":"https:\/\/agora.xtec.cat\/iesvinyet\/general\/la-vida-marina\/","title":{"rendered":"LA VIDA MARINA"},"content":{"rendered":"<p>La setaman passada, l\u2019alumnat de <strong>1r d\u2019ESO<\/strong> es va endinsar en el fascinant m\u00f3n de la vida marina, tot visitant el Centre d\u2019Estudis del Mar de Sitges, a tocar de l\u2019Institut!<\/p>\n<p>Vam fer passejades per la platja de Sitges buscant restes d\u2019organismes marins i fins i tot en vam trobat de vius, com els crancs de roca. Tamb\u00e9 vam classificar alguns dels \u00e9ssers vius que podem trobar en el nostre paisatge m\u00e9s proper i, per \u00faltim, ens vam conscienciar de la import\u00e0ncia de conservar la Posid\u00f2nia fent un viatge submar\u00ed amb l\u2019Icneu.<\/p>\n<p>Vam aprendre i ens vam divertir amb el nostre entorn m\u00e9s proper.<\/p>\n<p>&nbsp;<\/p>\n<p><a href=\"https:\/\/agora.xtec.cat\/iesvinyet\/wp-content\/uploads\/usu987\/2019\/04\/CEM.png\"><img loading=\"lazy\" decoding=\"async\" class=\"alignnone size-medium wp-image-2239\" src=\"https:\/\/agora.xtec.cat\/iesvinyet\/wp-content\/uploads\/usu987\/2019\/04\/CEM-263x300.png\" alt=\"\" width=\"263\" height=\"300\" srcset=\"https:\/\/agora.xtec.cat\/iesvinyet\/wp-content\/uploads\/usu987\/2019\/04\/CEM-263x300.png 263w, https:\/\/agora.xtec.cat\/iesvinyet\/wp-content\/uploads\/usu987\/2019\/04\/CEM.png 673w\" sizes=\"auto, (max-width: 263px) 100vw, 263px\" \/><\/a><\/p>\n","protected":false},"excerpt":{"rendered":"<p>La setaman passada, l\u2019alumnat de 1r d\u2019ESO es va endinsar en el fascinant m\u00f3n de la vida marina, tot visitant el Centre d\u2019Estudis del Mar de Sitges, a tocar de l\u2019Institut!<br \/>\nVam fer passejades per la platja de Sitges buscant restes d\u2019organismes marins i fins i&hellip;  <a href=\"https:\/\/agora.xtec.cat\/iesvinyet\/general\/la-vida-marina\/\" title=\"Read LA VIDA MARINA\">Llegeix m\u00e9s\u00bb<\/a><\/p>\n","protected":false},"author":176,"featured_media":0,"comment_status":"open","ping_status":"closed","sticky":false,"template":"","format":"standard","meta":{"_bbp_topic_count":0,"_bbp_reply_count":0,"_bbp_total_topic_count":0,"_bbp_total_reply_count":0,"_bbp_voice_count":0,"_bbp_anonymous_reply_count":0,"_bbp_topic_count_hidden":0,"_bbp_reply_count_hidden":0,"_bbp_forum_subforum_count":0,"footnotes":""},"categories":[1],"tags":[],"class_list":["post-2238","post","type-post","status-publish","format-standard","hentry","category-general"],"post_mailing_queue_ids":[],"_links":{"self":[{"href":"https:\/\/agora.xtec.cat\/iesvinyet\/wp-json\/wp\/v2\/posts\/2238","targetHints":{"allow":["GET"]}}],"collection":[{"href":"https:\/\/agora.xtec.cat\/iesvinyet\/wp-json\/wp\/v2\/posts"}],"about":[{"href":"https:\/\/agora.xtec.cat\/iesvinyet\/wp-json\/wp\/v2\/types\/post"}],"author":[{"embeddable":true,"href":"https:\/\/agora.xtec.cat\/iesvinyet\/wp-json\/wp\/v2\/users\/176"}],"replies":[{"embeddable":true,"href":"https:\/\/agora.xtec.cat\/iesvinyet\/wp-json\/wp\/v2\/comments?post=2238"}],"version-history":[{"count":1,"href":"https:\/\/agora.xtec.cat\/iesvinyet\/wp-json\/wp\/v2\/posts\/2238\/revisions"}],"predecessor-version":[{"id":2240,"href":"https:\/\/agora.xtec.cat\/iesvinyet\/wp-json\/wp\/v2\/posts\/2238\/revisions\/2240"}],"wp:attachment":[{"href":"https:\/\/agora.xtec.cat\/iesvinyet\/wp-json\/wp\/v2\/media?parent=2238"}],"wp:term":[{"taxonomy":"category","embeddable":true,"href":"https:\/\/agora.xtec.cat\/iesvinyet\/wp-json\/wp\/v2\/categories?post=2238"},{"taxonomy":"post_tag","embeddable":true,"href":"https:\/\/agora.xtec.cat\/iesvinyet\/wp-json\/wp\/v2\/tags?post=2238"}],"curies":[{"name":"wp","href":"https:\/\/api.w.org\/{rel}","templated":true}]}}